{"id":14783,"date":"2020-07-21T07:53:35","date_gmt":"2020-07-21T07:53:35","guid":{"rendered":"https:\/\/marlycamino.com\/?p=14783"},"modified":"2020-07-24T07:44:06","modified_gmt":"2020-07-24T07:44:06","slug":"ignacio-loyola-camino-ignaciano","status":"publish","type":"post","link":"https:\/\/marlycamino.com\/es\/ignacio-loyola-camino-ignaciano\/","title":{"rendered":"TODO LO QUE NECESITAS SABER SOBRE IGNACIO DE LOYOLA Y EL A\u00d1O JUBILAR DEL CAMINO IGNACIANO"},"content":{"rendered":"<p>El 31 de julio del 2021 iniciar\u00e1 el segundo A\u00f1o Jubilar del <a href=\"https:\/\/marlycamino.com\/es\/camino\/camino-ignaciano\/\">Camino Ignaciano<\/a>, \u00a0que se prolongar\u00e1 hasta la festividad de San Ignacio del 2022.<\/p>\n<p>Adem\u00e1s, se cumplen los cincuenta a\u00f1os de la puesta en marcha del Camino. Un Camino m\u00e1gico y muy espiritual que recorre los pasos del Santo en su peregrinaci\u00f3n realizada en 1522 desde Loyola hasta el Santuario de Manresa.<\/p>\n<p>Durante su Camino, San Ignacio de Loyola nos dej\u00f3 una herencia espiritual con sus \u201cEjercicios espirituales\u201d, ejercicios que nos ayudan a estar en forma espiritualmente y que se ofrecen para que realices tu camino interior al mismo tiempo que lo haces por las carreteras y caminos m\u00e1s espectaculares de Espa\u00f1a.<\/p>\n<p>\u00bfPreparado? Descubre en este post m\u00e1s sobre San Ignacio y el A\u00f1o Jubilar 2021 y an\u00edmate a vivirlo con nosotros.<\/p>\n<h2><strong>\u00bfQui\u00e9n era Ignacio de Loyola?<\/strong><\/h2>\n<p>Ignacio de Loyola fue un caballero militar de la nobleza, que luego se convirti\u00f3 en un l\u00edder religioso mostrando su devoci\u00f3n a la Iglesia Cat\u00f3lica, que se caracteriz\u00f3 por la obediencia absoluta al Papa. Fue fundador de la Compa\u00f1\u00eda de Jes\u00fas conocido como Los Jesuitas. Tambi\u00e9n fue el autor de los Ejercicios Espirituales, una serie de meditaciones, oraciones y ejercicios mentales dise\u00f1ados con la intenci\u00f3n de aumentar la experiencia personal en la f\u00e9 cat\u00f3lica.<\/p>\n<p>El d\u00eda 31 de Julio se celebra su festividad por ser el d\u00eda de su fallecimiento en el a\u00f1o 1556. Fue Beatificado por el Papa Paulo V, y Canonizado por el Papa Gregorio XV.<\/p>\n<p>&nbsp;<\/p>\n<h2><strong>\u00bfQu\u00e9 es la Compa\u00f1\u00eda de Jesus?<\/strong><\/h2>\n<p><strong>\u00a0<\/strong>La Compa\u00f1\u00eda de Jes\u00fas es una orden religiosa cuya finalidad es salvar y mejorar al pr\u00f3jimo a trav\u00e9s de la consagrada acci\u00f3n evang\u00e9lica de sus miembros. Fue fundada en el a\u00f1o 1540 por Ignacio de Loyola, y es al d\u00eda de hoy la orden religiosa m\u00e1s grande del mundo, extendi\u00e9ndose su tarea en diversos \u00e1mbitos de la vida como ser la cultura, la religi\u00f3n, la educaci\u00f3n y la misi\u00f3n evangelizadora, entre otros.<\/p>\n<p><img loading=\"lazy\" decoding=\"async\" class=\"alignnone size-full wp-image-14789\" src=\"https:\/\/marlycamino.com\/wp-content\/uploads\/2020\/07\/San-Ignacio-Loyola7.jpg\" alt=\"\" width=\"1600\" height=\"900\" srcset=\"https:\/\/marlycamino.com\/wp-content\/uploads\/2020\/07\/San-Ignacio-Loyola7.jpg 1600w, https:\/\/marlycamino.com\/wp-content\/uploads\/2020\/07\/San-Ignacio-Loyola7-300x169.jpg 300w, https:\/\/marlycamino.com\/wp-content\/uploads\/2020\/07\/San-Ignacio-Loyola7-1024x576.jpg 1024w, https:\/\/marlycamino.com\/wp-content\/uploads\/2020\/07\/San-Ignacio-Loyola7-768x432.jpg 768w, https:\/\/marlycamino.com\/wp-content\/uploads\/2020\/07\/San-Ignacio-Loyola7-1536x864.jpg 1536w, https:\/\/marlycamino.com\/wp-content\/uploads\/2020\/07\/San-Ignacio-Loyola7-500x281.jpg 500w, https:\/\/marlycamino.com\/wp-content\/uploads\/2020\/07\/San-Ignacio-Loyola7-100x56.jpg 100w, https:\/\/marlycamino.com\/wp-content\/uploads\/2020\/07\/San-Ignacio-Loyola7-846x476.jpg 846w, https:\/\/marlycamino.com\/wp-content\/uploads\/2020\/07\/San-Ignacio-Loyola7-1184x666.jpg 1184w\" sizes=\"auto, (max-width: 1600px) 100vw, 1600px\" \/><\/p>\n<h2><strong>\u00bfPor qu\u00e9 hacer el Camino Ignaciano?<\/strong><\/h2>\n<p>El camino Ignaciano es una propuesta de peregrinaci\u00f3n que rememora el itinerario que Ignacio de Loyola recorri\u00f3 en 1522 desde la casa de su familia en Loyola hasta Manresa, con la intenci\u00f3n de viajar a Tierra Santa como peregrino.<\/p>\n<p><img loading=\"lazy\" decoding=\"async\" class=\"alignnone size-full wp-image-14791\" src=\"https:\/\/marlycamino.com\/wp-content\/uploads\/2020\/07\/b7otO9_g.jpeg\" alt=\"\" width=\"960\" height=\"720\" srcset=\"https:\/\/marlycamino.com\/wp-content\/uploads\/2020\/07\/b7otO9_g.jpeg 960w, https:\/\/marlycamino.com\/wp-content\/uploads\/2020\/07\/b7otO9_g-300x225.jpeg 300w, https:\/\/marlycamino.com\/wp-content\/uploads\/2020\/07\/b7otO9_g-768x576.jpeg 768w, https:\/\/marlycamino.com\/wp-content\/uploads\/2020\/07\/b7otO9_g-500x375.jpeg 500w, https:\/\/marlycamino.com\/wp-content\/uploads\/2020\/07\/b7otO9_g-100x75.jpeg 100w, https:\/\/marlycamino.com\/wp-content\/uploads\/2020\/07\/b7otO9_g-846x635.jpeg 846w\" sizes=\"auto, (max-width: 960px) 100vw, 960px\" \/><\/p>\n<p>&nbsp;<\/p>\n<p>Este Camino naci\u00f3 hace 500 a\u00f1os con la vocaci\u00f3n de vehicular esa piedad de San Ignacio mediante una peregrinaci\u00f3n que rememora el camino recorrido por el Santo.<\/p>\n<p>En 1522, tras su convalecencia al ser herido en la batalla de Pamplona, I\u00f1igo, ya decidido a transformar su vida, peregrina a Montserrat y Manresa (su destino \u00faltimo era Tierra Santa). Este itinerario, de casi 700 kil\u00f3metros, ofrece la oportunidad de vivir una experiencia de peregrinaci\u00f3n, siguiendo el proceso espiritual que hizo Ignacio.<\/p>\n<p>Es una experiencia transformadora ideal para quienes deseen un estilo de vida diferente, a contracorriente, o que desean entrar en el conocimiento de s\u00ed mismos, a trav\u00e9s del esfuerzo f\u00edsico y el replanteamiento de sus valores personales y sociales.<\/p>\n<p>El camino empieza en la casa donde naci\u00f3 en Azpeitia (Gipuzkoa) y acaba en la Cueva de San Ignacio en Manresa.<\/p>\n<p><img loading=\"lazy\" decoding=\"async\" class=\"alignnone size-full wp-image-14794\" src=\"https:\/\/marlycamino.com\/wp-content\/uploads\/2020\/07\/San-Ignacio-Loyola8.jpg\" alt=\"\" width=\"732\" height=\"741\" srcset=\"https:\/\/marlycamino.com\/wp-content\/uploads\/2020\/07\/San-Ignacio-Loyola8.jpg 732w, https:\/\/marlycamino.com\/wp-content\/uploads\/2020\/07\/San-Ignacio-Loyola8-296x300.jpg 296w, https:\/\/marlycamino.com\/wp-content\/uploads\/2020\/07\/San-Ignacio-Loyola8-500x506.jpg 500w, https:\/\/marlycamino.com\/wp-content\/uploads\/2020\/07\/San-Ignacio-Loyola8-100x101.jpg 100w\" sizes=\"auto, (max-width: 732px) 100vw, 732px\" \/><\/p>\n<h2><strong>\u00bfQu\u00e9 es el A\u00f1o Santo Ignaciano y porque se celebra?<\/strong><\/h2>\n<p><strong> <img loading=\"lazy\" decoding=\"async\" class=\"alignnone size-full wp-image-14796\" src=\"https:\/\/marlycamino.com\/wp-content\/uploads\/2020\/07\/Cq3iydFA.jpeg\" alt=\"\" width=\"1008\" height=\"756\" srcset=\"https:\/\/marlycamino.com\/wp-content\/uploads\/2020\/07\/Cq3iydFA.jpeg 1008w, https:\/\/marlycamino.com\/wp-content\/uploads\/2020\/07\/Cq3iydFA-300x225.jpeg 300w, https:\/\/marlycamino.com\/wp-content\/uploads\/2020\/07\/Cq3iydFA-768x576.jpeg 768w, https:\/\/marlycamino.com\/wp-content\/uploads\/2020\/07\/Cq3iydFA-500x375.jpeg 500w, https:\/\/marlycamino.com\/wp-content\/uploads\/2020\/07\/Cq3iydFA-100x75.jpeg 100w, https:\/\/marlycamino.com\/wp-content\/uploads\/2020\/07\/Cq3iydFA-846x635.jpeg 846w\" sizes=\"auto, (max-width: 1008px) 100vw, 1008px\" \/><\/strong><\/p>\n<p>Seg\u00fan la Compa\u00f1\u00eda de Jes\u00fas, ganar\u00e1n el Jubileo aquellos que cumpliendo las condiciones establecidas por el derecho can\u00f3nico &#8211; misa, confesi\u00f3n y oraci\u00f3n por las intenciones del Papa-, realicen la peregrinaci\u00f3n del Camino Ignaciano, sigan alguna modalidad de los Ejercicios Espirituales, visiten algunos de los santuarios ignacianos del camino y lleven a cabo alguna obra de caridad antes o durante la peregrinaci\u00f3n.<\/p>\n<p>El A\u00f1o Santo ignaciano se celebra con el objetivo de potenciar el Camino Ignaciano como instrumento de encuentro con Dios, y de crecimiento personal, y con la vista puesta en el 500 aniversario de la peregrinaci\u00f3n de San Ignacio de Loyola, que se realizar\u00e1 con un segundo A\u00f1o Jubilar entre 2021 y 2022.<\/p>\n<h2><strong>\u00bfC\u00f3mo y cuando se celebra el A\u00f1o Jubilar Ignaciano?<\/strong><\/h2>\n<p><strong> <img loading=\"lazy\" decoding=\"async\" class=\"alignnone size-full wp-image-14798\" src=\"https:\/\/marlycamino.com\/wp-content\/uploads\/2020\/07\/XYh8pesA.jpeg\" alt=\"\" width=\"1125\" height=\"1500\" srcset=\"https:\/\/marlycamino.com\/wp-content\/uploads\/2020\/07\/XYh8pesA.jpeg 1125w, https:\/\/marlycamino.com\/wp-content\/uploads\/2020\/07\/XYh8pesA-225x300.jpeg 225w, https:\/\/marlycamino.com\/wp-content\/uploads\/2020\/07\/XYh8pesA-768x1024.jpeg 768w, https:\/\/marlycamino.com\/wp-content\/uploads\/2020\/07\/XYh8pesA-500x667.jpeg 500w, https:\/\/marlycamino.com\/wp-content\/uploads\/2020\/07\/XYh8pesA-100x133.jpeg 100w, https:\/\/marlycamino.com\/wp-content\/uploads\/2020\/07\/XYh8pesA-846x1128.jpeg 846w\" sizes=\"auto, (max-width: 1125px) 100vw, 1125px\" \/><\/strong><\/p>\n<p>Los actos de apertura del primer A\u00f1o Jubilar se celebraron en el 2015-2016 en Manresa el 31 de julio, y en Loyola el 1 de agosto. Concretamente en Manresa, a las 20 00 horas se realiz\u00f3 la apertura de la puerta Santa en el Santuario de la Cova de Sant Ignaci, en una Eucarist\u00eda Solemne, mientras que en Loyola, el obispo celebr\u00f3 una misa a las 11 00 horas con la asistencia de las autoridades del Gobierno Vasco y el Ayuntamiento de Azpeitia.<\/p>\n<p>El siguiente A\u00f1o Jubilar ser\u00e1 el <strong>V Centenario de la Conversi\u00f3n de S. Ignacio &#8211; 2021-2022<\/strong>.<\/p>\n<p>Sin embargo, se han celebrado otros A\u00f1os Santos dedicado a San Ignacio:<\/p>\n<ul>\n<li><strong>1956: Jubileo del IV Centenario de la muerte de S. Ignacio<\/strong><\/li>\n<li><strong>1991: Jubileo del V Centenario del nacimiento de S. Ignacio<\/strong><\/li>\n<li><strong>2006: Jubileo del 450 aniversario de la muerte de S. Ignacio y V Centenario del nacimiento de S. Francisco Javier y S. Pedro Fabro<\/strong><\/li>\n<li><strong>2015-2016: Primer Jubileo del Camino Ignaciano<\/strong><\/li>\n<li><strong>2021-2022: Segundo A\u00f1o Jubileo Ignaciano<\/strong><\/li>\n<\/ul>\n","protected":false},"excerpt":{"rendered":"<p>El 31 de julio del 2021 iniciar\u00e1 el segundo A\u00f1o Jubilar del Camino Ignaciano, \u00a0que se prolongar\u00e1 hasta la festividad de San Ignacio del 2022. Adem\u00e1s, se cumplen los cincuenta a\u00f1os de la puesta en marcha del Camino. Un Camino m\u00e1gico y muy espiritual que recorre los pasos del Santo en su peregrinaci\u00f3n realizada en 1522 desde Loyola hasta el &#8230; <a href=\"https:\/\/marlycamino.com\/es\/ignacio-loyola-camino-ignaciano\/\" class=\"more-link\">Read More<\/a><\/p>\n","protected":false},"author":2,"featured_media":14787,"comment_status":"open","ping_status":"open","sticky":false,"template":"","format":"standard","meta":{"_acf_changed":false,"footnotes":""},"categories":[234],"tags":[],"class_list":["post-14783","post","type-post","status-publish","format-standard","has-post-thumbnail","hentry","category-el-camino-de-santiago"],"acf":[],"yoast_head":"<!-- This site is optimized with the Yoast SEO plugin v26.3 - https:\/\/yoast.com\/wordpress\/plugins\/seo\/ -->\n<title>TODO LO QUE NECESITAS SABER SOBRE IGNACIO DE LOYOLA Y EL A\u00d1O JUBILAR DEL CAMINO IGNACIANO<\/title>\n<meta name=\"description\" content=\"El 31 de julio del 2021 iniciar\u00e1 el segundo A\u00f1o Jubilar del Camino Ignaciano, \u00a0que se prolongar\u00e1 hasta la festividad de San Ignacio del 2022. Adem\u00e1s, se\" \/>\n<meta name=\"robots\" content=\"index, follow, max-snippet:-1, max-image-preview:large, max-video-preview:-1\" \/>\n<link rel=\"canonical\" href=\"https:\/\/marlycamino.com\/es\/ignacio-loyola-camino-ignaciano\/\" \/>\n<meta property=\"og:locale\" content=\"es_ES\" \/>\n<meta property=\"og:type\" content=\"article\" \/>\n<meta property=\"og:title\" content=\"TODO LO QUE NECESITAS SABER SOBRE IGNACIO DE LOYOLA Y EL A\u00d1O JUBILAR DEL CAMINO IGNACIANO\" \/>\n<meta property=\"og:description\" content=\"El 31 de julio del 2021 iniciar\u00e1 el segundo A\u00f1o Jubilar del Camino Ignaciano, \u00a0que se prolongar\u00e1 hasta la festividad de San Ignacio del 2022. Adem\u00e1s, se\" \/>\n<meta property=\"og:url\" content=\"https:\/\/marlycamino.com\/es\/ignacio-loyola-camino-ignaciano\/\" \/>\n<meta property=\"article:publisher\" content=\"https:\/\/www.facebook.com\/MarlyCamino\/\" \/>\n<meta property=\"article:published_time\" content=\"2020-07-21T07:53:35+00:00\" \/>\n<meta property=\"article:modified_time\" content=\"2020-07-24T07:44:06+00:00\" \/>\n<meta property=\"og:image\" content=\"https:\/\/marlycamino.com\/wp-content\/uploads\/2020\/07\/San-Ignacio-Loyola.jpg\" \/>\n\t<meta property=\"og:image:width\" content=\"1600\" \/>\n\t<meta property=\"og:image:height\" content=\"900\" \/>\n\t<meta property=\"og:image:type\" content=\"image\/jpeg\" \/>\n<meta name=\"author\" content=\"sami\" \/>\n<meta name=\"twitter:label1\" content=\"Escrito por\" \/>\n\t<meta name=\"twitter:data1\" content=\"sami\" \/>\n\t<meta name=\"twitter:label2\" content=\"Tiempo de lectura\" \/>\n\t<meta name=\"twitter:data2\" content=\"4 minutos\" \/>\n<script type=\"application\/ld+json\" class=\"yoast-schema-graph\">{\"@context\":\"https:\/\/schema.org\",\"@graph\":[{\"@type\":\"WebPage\",\"@id\":\"https:\/\/marlycamino.com\/es\/ignacio-loyola-camino-ignaciano\/\",\"url\":\"https:\/\/marlycamino.com\/es\/ignacio-loyola-camino-ignaciano\/\",\"name\":\"TODO LO QUE NECESITAS SABER SOBRE IGNACIO DE LOYOLA Y EL A\u00d1O JUBILAR DEL CAMINO IGNACIANO\",\"isPartOf\":{\"@id\":\"https:\/\/marlycamino.com\/#website\"},\"primaryImageOfPage\":{\"@id\":\"https:\/\/marlycamino.com\/es\/ignacio-loyola-camino-ignaciano\/#primaryimage\"},\"image\":{\"@id\":\"https:\/\/marlycamino.com\/es\/ignacio-loyola-camino-ignaciano\/#primaryimage\"},\"thumbnailUrl\":\"https:\/\/marlycamino.com\/wp-content\/uploads\/2020\/07\/San-Ignacio-Loyola.jpg\",\"datePublished\":\"2020-07-21T07:53:35+00:00\",\"dateModified\":\"2020-07-24T07:44:06+00:00\",\"author\":{\"@id\":\"https:\/\/marlycamino.com\/#\/schema\/person\/c21b1940e6660c69ee384a1fc71244af\"},\"description\":\"El 31 de julio del 2021 iniciar\u00e1 el segundo A\u00f1o Jubilar del Camino Ignaciano, \u00a0que se prolongar\u00e1 hasta la festividad de San Ignacio del 2022. Adem\u00e1s, se\",\"breadcrumb\":{\"@id\":\"https:\/\/marlycamino.com\/es\/ignacio-loyola-camino-ignaciano\/#breadcrumb\"},\"inLanguage\":\"es\",\"potentialAction\":[{\"@type\":\"ReadAction\",\"target\":[\"https:\/\/marlycamino.com\/es\/ignacio-loyola-camino-ignaciano\/\"]}]},{\"@type\":\"ImageObject\",\"inLanguage\":\"es\",\"@id\":\"https:\/\/marlycamino.com\/es\/ignacio-loyola-camino-ignaciano\/#primaryimage\",\"url\":\"https:\/\/marlycamino.com\/wp-content\/uploads\/2020\/07\/San-Ignacio-Loyola.jpg\",\"contentUrl\":\"https:\/\/marlycamino.com\/wp-content\/uploads\/2020\/07\/San-Ignacio-Loyola.jpg\",\"width\":1600,\"height\":900},{\"@type\":\"BreadcrumbList\",\"@id\":\"https:\/\/marlycamino.com\/es\/ignacio-loyola-camino-ignaciano\/#breadcrumb\",\"itemListElement\":[{\"@type\":\"ListItem\",\"position\":1,\"name\":\"Home\",\"item\":\"https:\/\/marlycamino.com\/es\/\"},{\"@type\":\"ListItem\",\"position\":2,\"name\":\"TODO LO QUE NECESITAS SABER SOBRE IGNACIO DE LOYOLA Y EL A\u00d1O JUBILAR DEL CAMINO IGNACIANO\"}]},{\"@type\":\"WebSite\",\"@id\":\"https:\/\/marlycamino.com\/#website\",\"url\":\"https:\/\/marlycamino.com\/\",\"name\":\"\",\"description\":\"\",\"potentialAction\":[{\"@type\":\"SearchAction\",\"target\":{\"@type\":\"EntryPoint\",\"urlTemplate\":\"https:\/\/marlycamino.com\/?s={search_term_string}\"},\"query-input\":{\"@type\":\"PropertyValueSpecification\",\"valueRequired\":true,\"valueName\":\"search_term_string\"}}],\"inLanguage\":\"es\"},{\"@type\":\"Person\",\"@id\":\"https:\/\/marlycamino.com\/#\/schema\/person\/c21b1940e6660c69ee384a1fc71244af\",\"name\":\"sami\",\"image\":{\"@type\":\"ImageObject\",\"inLanguage\":\"es\",\"@id\":\"https:\/\/marlycamino.com\/#\/schema\/person\/image\/\",\"url\":\"https:\/\/secure.gravatar.com\/avatar\/54c017fb9d93b5e026ebfbf62ab9609ea7920887a584421c3a9b95f34682d2aa?s=96&d=mm&r=g\",\"contentUrl\":\"https:\/\/secure.gravatar.com\/avatar\/54c017fb9d93b5e026ebfbf62ab9609ea7920887a584421c3a9b95f34682d2aa?s=96&d=mm&r=g\",\"caption\":\"sami\"}}]}<\/script>\n<!-- \/ Yoast SEO plugin. -->","yoast_head_json":{"title":"TODO LO QUE NECESITAS SABER SOBRE IGNACIO DE LOYOLA Y EL A\u00d1O JUBILAR DEL CAMINO IGNACIANO","description":"El 31 de julio del 2021 iniciar\u00e1 el segundo A\u00f1o Jubilar del Camino Ignaciano, \u00a0que se prolongar\u00e1 hasta la festividad de San Ignacio del 2022. Adem\u00e1s, se","robots":{"index":"index","follow":"follow","max-snippet":"max-snippet:-1","max-image-preview":"max-image-preview:large","max-video-preview":"max-video-preview:-1"},"canonical":"https:\/\/marlycamino.com\/es\/ignacio-loyola-camino-ignaciano\/","og_locale":"es_ES","og_type":"article","og_title":"TODO LO QUE NECESITAS SABER SOBRE IGNACIO DE LOYOLA Y EL A\u00d1O JUBILAR DEL CAMINO IGNACIANO","og_description":"El 31 de julio del 2021 iniciar\u00e1 el segundo A\u00f1o Jubilar del Camino Ignaciano, \u00a0que se prolongar\u00e1 hasta la festividad de San Ignacio del 2022. Adem\u00e1s, se","og_url":"https:\/\/marlycamino.com\/es\/ignacio-loyola-camino-ignaciano\/","article_publisher":"https:\/\/www.facebook.com\/MarlyCamino\/","article_published_time":"2020-07-21T07:53:35+00:00","article_modified_time":"2020-07-24T07:44:06+00:00","og_image":[{"width":1600,"height":900,"url":"https:\/\/marlycamino.com\/wp-content\/uploads\/2020\/07\/San-Ignacio-Loyola.jpg","type":"image\/jpeg"}],"author":"sami","twitter_misc":{"Escrito por":"sami","Tiempo de lectura":"4 minutos"},"schema":{"@context":"https:\/\/schema.org","@graph":[{"@type":"WebPage","@id":"https:\/\/marlycamino.com\/es\/ignacio-loyola-camino-ignaciano\/","url":"https:\/\/marlycamino.com\/es\/ignacio-loyola-camino-ignaciano\/","name":"TODO LO QUE NECESITAS SABER SOBRE IGNACIO DE LOYOLA Y EL A\u00d1O JUBILAR DEL CAMINO IGNACIANO","isPartOf":{"@id":"https:\/\/marlycamino.com\/#website"},"primaryImageOfPage":{"@id":"https:\/\/marlycamino.com\/es\/ignacio-loyola-camino-ignaciano\/#primaryimage"},"image":{"@id":"https:\/\/marlycamino.com\/es\/ignacio-loyola-camino-ignaciano\/#primaryimage"},"thumbnailUrl":"https:\/\/marlycamino.com\/wp-content\/uploads\/2020\/07\/San-Ignacio-Loyola.jpg","datePublished":"2020-07-21T07:53:35+00:00","dateModified":"2020-07-24T07:44:06+00:00","author":{"@id":"https:\/\/marlycamino.com\/#\/schema\/person\/c21b1940e6660c69ee384a1fc71244af"},"description":"El 31 de julio del 2021 iniciar\u00e1 el segundo A\u00f1o Jubilar del Camino Ignaciano, \u00a0que se prolongar\u00e1 hasta la festividad de San Ignacio del 2022. Adem\u00e1s, se","breadcrumb":{"@id":"https:\/\/marlycamino.com\/es\/ignacio-loyola-camino-ignaciano\/#breadcrumb"},"inLanguage":"es","potentialAction":[{"@type":"ReadAction","target":["https:\/\/marlycamino.com\/es\/ignacio-loyola-camino-ignaciano\/"]}]},{"@type":"ImageObject","inLanguage":"es","@id":"https:\/\/marlycamino.com\/es\/ignacio-loyola-camino-ignaciano\/#primaryimage","url":"https:\/\/marlycamino.com\/wp-content\/uploads\/2020\/07\/San-Ignacio-Loyola.jpg","contentUrl":"https:\/\/marlycamino.com\/wp-content\/uploads\/2020\/07\/San-Ignacio-Loyola.jpg","width":1600,"height":900},{"@type":"BreadcrumbList","@id":"https:\/\/marlycamino.com\/es\/ignacio-loyola-camino-ignaciano\/#breadcrumb","itemListElement":[{"@type":"ListItem","position":1,"name":"Home","item":"https:\/\/marlycamino.com\/es\/"},{"@type":"ListItem","position":2,"name":"TODO LO QUE NECESITAS SABER SOBRE IGNACIO DE LOYOLA Y EL A\u00d1O JUBILAR DEL CAMINO IGNACIANO"}]},{"@type":"WebSite","@id":"https:\/\/marlycamino.com\/#website","url":"https:\/\/marlycamino.com\/","name":"","description":"","potentialAction":[{"@type":"SearchAction","target":{"@type":"EntryPoint","urlTemplate":"https:\/\/marlycamino.com\/?s={search_term_string}"},"query-input":{"@type":"PropertyValueSpecification","valueRequired":true,"valueName":"search_term_string"}}],"inLanguage":"es"},{"@type":"Person","@id":"https:\/\/marlycamino.com\/#\/schema\/person\/c21b1940e6660c69ee384a1fc71244af","name":"sami","image":{"@type":"ImageObject","inLanguage":"es","@id":"https:\/\/marlycamino.com\/#\/schema\/person\/image\/","url":"https:\/\/secure.gravatar.com\/avatar\/54c017fb9d93b5e026ebfbf62ab9609ea7920887a584421c3a9b95f34682d2aa?s=96&d=mm&r=g","contentUrl":"https:\/\/secure.gravatar.com\/avatar\/54c017fb9d93b5e026ebfbf62ab9609ea7920887a584421c3a9b95f34682d2aa?s=96&d=mm&r=g","caption":"sami"}}]}},"_links":{"self":[{"href":"https:\/\/marlycamino.com\/es\/wp-json\/wp\/v2\/posts\/14783","targetHints":{"allow":["GET"]}}],"collection":[{"href":"https:\/\/marlycamino.com\/es\/wp-json\/wp\/v2\/posts"}],"about":[{"href":"https:\/\/marlycamino.com\/es\/wp-json\/wp\/v2\/types\/post"}],"author":[{"embeddable":true,"href":"https:\/\/marlycamino.com\/es\/wp-json\/wp\/v2\/users\/2"}],"replies":[{"embeddable":true,"href":"https:\/\/marlycamino.com\/es\/wp-json\/wp\/v2\/comments?post=14783"}],"version-history":[{"count":0,"href":"https:\/\/marlycamino.com\/es\/wp-json\/wp\/v2\/posts\/14783\/revisions"}],"wp:featuredmedia":[{"embeddable":true,"href":"https:\/\/marlycamino.com\/es\/wp-json\/wp\/v2\/media\/14787"}],"wp:attachment":[{"href":"https:\/\/marlycamino.com\/es\/wp-json\/wp\/v2\/media?parent=14783"}],"wp:term":[{"taxonomy":"category","embeddable":true,"href":"https:\/\/marlycamino.com\/es\/wp-json\/wp\/v2\/categories?post=14783"},{"taxonomy":"post_tag","embeddable":true,"href":"https:\/\/marlycamino.com\/es\/wp-json\/wp\/v2\/tags?post=14783"}],"curies":[{"name":"wp","href":"https:\/\/api.w.org\/{rel}","templated":true}]}}