{"id":14869,"date":"2020-09-17T19:41:15","date_gmt":"2020-09-17T19:41:15","guid":{"rendered":"https:\/\/marlycamino.com\/?p=14869"},"modified":"2020-09-21T20:12:30","modified_gmt":"2020-09-21T20:12:30","slug":"con-o-sin-mascarilla-yo-sigo-caminando","status":"publish","type":"post","link":"https:\/\/marlycamino.com\/es\/con-o-sin-mascarilla-yo-sigo-caminando\/","title":{"rendered":"Con o sin mascarilla, yo sigo caminando"},"content":{"rendered":"<p>Mis amados peregrinos ,<\/p>\n<p>Estaba pendiente de escribirles para contarle sobre mi experiencia de mi primer viaje despu\u00e9s de 5 meses encerrada en mi apartamento.<\/p>\n<p>No se imaginan c\u00f3mo lo disfrute, era como si fuera la primera vez que viajaba jajaja.<\/p>\n<p>Lo sent\u00ed como el viaje m\u00e1s necesitado de mi vida .<\/p>\n<p><img loading=\"lazy\" decoding=\"async\" class=\"alignnone size-full wp-image-14876\" src=\"https:\/\/marlycamino.com\/wp-content\/uploads\/2020\/09\/Marly-1.jpg\" alt=\"\" width=\"820\" height=\"615\" srcset=\"https:\/\/marlycamino.com\/wp-content\/uploads\/2020\/09\/Marly-1.jpg 820w, https:\/\/marlycamino.com\/wp-content\/uploads\/2020\/09\/Marly-1-300x225.jpg 300w, https:\/\/marlycamino.com\/wp-content\/uploads\/2020\/09\/Marly-1-768x576.jpg 768w, https:\/\/marlycamino.com\/wp-content\/uploads\/2020\/09\/Marly-1-500x375.jpg 500w, https:\/\/marlycamino.com\/wp-content\/uploads\/2020\/09\/Marly-1-100x75.jpg 100w\" sizes=\"auto, (max-width: 820px) 100vw, 820px\" \/><\/p>\n<p>Quer\u00eda sentirme libre, escaparme de todo, de salir fuera de mi casa, de respirar aire puro, necesitaba compartir, conocer gente, lugares nuevos, estar en la NATURALEZA y sobretodo de sentir el AMOR de mi hijo. Que me abrazara much\u00edsimo y muchas veces.<\/p>\n<p>Cr\u00e9anme que lo disfrute demasiado, me daba igual si ten\u00eda que ponerme la mascarilla en alg\u00fan lugar, todo lo contrario, agradec\u00eda que todos la tuvieran, hab\u00eda un gran respeto c\u00edvico.<\/p>\n<p>Me sent\u00eda s\u00faper tranquila de ver c\u00f3mo los hoteles ten\u00edan todas las precauciones para evitar contagios. Los restaurantes incre\u00edblemente organizado, las visitas que hicimos a los lugares tur\u00edsticos, absolutamente TODO muy bien hecho, para que el turista se sienta siempre seguro.<\/p>\n<p><img loading=\"lazy\" decoding=\"async\" class=\"alignnone size-full wp-image-14878\" src=\"https:\/\/marlycamino.com\/wp-content\/uploads\/2020\/09\/Marly-2.jpg\" alt=\"\" width=\"820\" height=\"615\" srcset=\"https:\/\/marlycamino.com\/wp-content\/uploads\/2020\/09\/Marly-2.jpg 820w, https:\/\/marlycamino.com\/wp-content\/uploads\/2020\/09\/Marly-2-300x225.jpg 300w, https:\/\/marlycamino.com\/wp-content\/uploads\/2020\/09\/Marly-2-768x576.jpg 768w, https:\/\/marlycamino.com\/wp-content\/uploads\/2020\/09\/Marly-2-500x375.jpg 500w, https:\/\/marlycamino.com\/wp-content\/uploads\/2020\/09\/Marly-2-100x75.jpg 100w\" sizes=\"auto, (max-width: 820px) 100vw, 820px\" \/><\/p>\n<p>Ninguna de las medidas me impidieron gozar de mi viaje.<\/p>\n<p>Hubiese cometido un \u201cpecado mortal\u201d si me hubiese quejado de algo.<\/p>\n<p>Es que a TODOS nos ha afectado la situaci\u00f3n. Es por ello, que ten\u00eda que aceptar y comprender si un d\u00eda el camarero demor\u00f3 en traerme la comida, o si tuve que esperar m\u00e1s tiempo para entrar en un lugar &#8230;. que m\u00e1s da? , ten\u00eda que entender que ellos tambi\u00e9n est\u00e1n sufriendo, pero era muy gratificante ver c\u00f3mo TODOS estaban dando lo MEJOR para hacernos sentir bien.<\/p>\n<p>Yo sent\u00eda que mi deber era colaborar con ellos, demostrarle mayor empat\u00eda. Estaba rodeada de mucha solidaridad, colaboraci\u00f3n, amabilidad, todo eso me llenaba mucho de orgullo.<\/p>\n<p><img loading=\"lazy\" decoding=\"async\" class=\"alignnone size-full wp-image-14881\" src=\"https:\/\/marlycamino.com\/wp-content\/uploads\/2020\/09\/Marly-3.jpg\" alt=\"\" width=\"820\" height=\"615\" srcset=\"https:\/\/marlycamino.com\/wp-content\/uploads\/2020\/09\/Marly-3.jpg 820w, https:\/\/marlycamino.com\/wp-content\/uploads\/2020\/09\/Marly-3-300x225.jpg 300w, https:\/\/marlycamino.com\/wp-content\/uploads\/2020\/09\/Marly-3-768x576.jpg 768w, https:\/\/marlycamino.com\/wp-content\/uploads\/2020\/09\/Marly-3-500x375.jpg 500w, https:\/\/marlycamino.com\/wp-content\/uploads\/2020\/09\/Marly-3-100x75.jpg 100w\" sizes=\"auto, (max-width: 820px) 100vw, 820px\" \/><\/p>\n<p>No se imagina los lugares y las rutas nuevas que descubr\u00ed en Asturias. Qued\u00e9 realmente enamorada \ud83d\udc98. Conocimos unos pueblos hermosos, comimos divinamente. Todo sali\u00f3 perfecto&#8230; como si hubiese sido un viaje organizado por Marly Camino jajajaja.<\/p>\n<p>Tambi\u00e9n les tengo que contar sobre la peregrinaci\u00f3n nueva que hice en San Sebasti\u00e1n de Garabandal. Les va a fascinar, fue muy emocionante para mi.<\/p>\n<p>En un pr\u00f3ximo blog les cuento \ud83d\ude09.<\/p>\n<p>No les voy a mentir, es verdad que nada es como antes , claro que no!\u00a0 nada es ni ser\u00e1 como antes en muchos aspectos.<\/p>\n<p>Pero lo que s\u00ed siempre ser\u00e1 como antes, son mis ganas de seguir disfrutando de mis viajes y de mis pasos en cada \u201ccamino\u201d que me hacen sentir VIVA.<\/p>\n<p><img loading=\"lazy\" decoding=\"async\" class=\"alignnone size-full wp-image-14883\" src=\"https:\/\/marlycamino.com\/wp-content\/uploads\/2020\/09\/Marly-6.jpg\" alt=\"\" width=\"820\" height=\"615\" srcset=\"https:\/\/marlycamino.com\/wp-content\/uploads\/2020\/09\/Marly-6.jpg 820w, https:\/\/marlycamino.com\/wp-content\/uploads\/2020\/09\/Marly-6-300x225.jpg 300w, https:\/\/marlycamino.com\/wp-content\/uploads\/2020\/09\/Marly-6-768x576.jpg 768w, https:\/\/marlycamino.com\/wp-content\/uploads\/2020\/09\/Marly-6-500x375.jpg 500w, https:\/\/marlycamino.com\/wp-content\/uploads\/2020\/09\/Marly-6-100x75.jpg 100w\" sizes=\"auto, (max-width: 820px) 100vw, 820px\" \/><\/p>\n<p>Mis peregrinos amados, se hace camino al Amar. \u2764\ufe0f<\/p>\n<p>Sigamos caminando, agradeciendo y regalando amor y bondad.<\/p>\n<p>Somos muy privilegiados!<\/p>\n<p>A seguirnos cuidando!!! En el 2021 nuestros caminos se volver\u00e1n a cruzar \ud83d\ude4f.<\/p>\n<p>Los quiero much\u00edsimo!!!!<\/p>\n","protected":false},"excerpt":{"rendered":"<p>Mis amados peregrinos , Estaba pendiente de escribirles para contarle sobre mi experiencia de mi primer viaje despu\u00e9s de 5 meses encerrada en mi apartamento. No se imaginan c\u00f3mo lo disfrute, era como si fuera la primera vez que viajaba jajaja. Lo sent\u00ed como el viaje m\u00e1s necesitado de mi vida . Quer\u00eda sentirme libre, escaparme de todo, de salir &#8230; <a href=\"https:\/\/marlycamino.com\/es\/con-o-sin-mascarilla-yo-sigo-caminando\/\" class=\"more-link\">Read More<\/a><\/p>\n","protected":false},"author":2,"featured_media":14874,"comment_status":"open","ping_status":"open","sticky":false,"template":"","format":"standard","meta":{"_acf_changed":false,"footnotes":""},"categories":[170],"tags":[],"class_list":["post-14869","post","type-post","status-publish","format-standard","has-post-thumbnail","hentry","category-inspiracion"],"acf":[],"yoast_head":"<!-- This site is optimized with the Yoast SEO plugin v26.3 - https:\/\/yoast.com\/wordpress\/plugins\/seo\/ -->\n<title>Con o sin mascarilla, yo sigo caminando<\/title>\n<meta name=\"description\" content=\"Mis amados peregrinos , Estaba pendiente de escribirles para contarle sobre mi experiencia de mi primer viaje despu\u00e9s de 5 meses encerrada en mi\" \/>\n<meta name=\"robots\" content=\"index, follow, max-snippet:-1, max-image-preview:large, max-video-preview:-1\" \/>\n<link rel=\"canonical\" href=\"https:\/\/marlycamino.com\/es\/con-o-sin-mascarilla-yo-sigo-caminando\/\" \/>\n<meta property=\"og:locale\" content=\"es_ES\" \/>\n<meta property=\"og:type\" content=\"article\" \/>\n<meta property=\"og:title\" content=\"Con o sin mascarilla, yo sigo caminando\" \/>\n<meta property=\"og:description\" content=\"Mis amados peregrinos , Estaba pendiente de escribirles para contarle sobre mi experiencia de mi primer viaje despu\u00e9s de 5 meses encerrada en mi\" \/>\n<meta property=\"og:url\" content=\"https:\/\/marlycamino.com\/es\/con-o-sin-mascarilla-yo-sigo-caminando\/\" \/>\n<meta property=\"article:publisher\" content=\"https:\/\/www.facebook.com\/MarlyCamino\/\" \/>\n<meta property=\"article:published_time\" content=\"2020-09-17T19:41:15+00:00\" \/>\n<meta property=\"article:modified_time\" content=\"2020-09-21T20:12:30+00:00\" \/>\n<meta property=\"og:image\" content=\"https:\/\/marlycamino.com\/wp-content\/uploads\/2020\/09\/Marly-5-1.jpg\" \/>\n\t<meta property=\"og:image:width\" content=\"820\" \/>\n\t<meta property=\"og:image:height\" content=\"615\" \/>\n\t<meta property=\"og:image:type\" content=\"image\/jpeg\" \/>\n<meta name=\"author\" content=\"sami\" \/>\n<meta name=\"twitter:label1\" content=\"Escrito por\" \/>\n\t<meta name=\"twitter:data1\" content=\"sami\" \/>\n\t<meta name=\"twitter:label2\" content=\"Tiempo de lectura\" \/>\n\t<meta name=\"twitter:data2\" content=\"2 minutos\" \/>\n<script type=\"application\/ld+json\" class=\"yoast-schema-graph\">{\"@context\":\"https:\/\/schema.org\",\"@graph\":[{\"@type\":\"WebPage\",\"@id\":\"https:\/\/marlycamino.com\/es\/con-o-sin-mascarilla-yo-sigo-caminando\/\",\"url\":\"https:\/\/marlycamino.com\/es\/con-o-sin-mascarilla-yo-sigo-caminando\/\",\"name\":\"Con o sin mascarilla, yo sigo caminando\",\"isPartOf\":{\"@id\":\"https:\/\/marlycamino.com\/#website\"},\"primaryImageOfPage\":{\"@id\":\"https:\/\/marlycamino.com\/es\/con-o-sin-mascarilla-yo-sigo-caminando\/#primaryimage\"},\"image\":{\"@id\":\"https:\/\/marlycamino.com\/es\/con-o-sin-mascarilla-yo-sigo-caminando\/#primaryimage\"},\"thumbnailUrl\":\"https:\/\/marlycamino.com\/wp-content\/uploads\/2020\/09\/Marly-5-1.jpg\",\"datePublished\":\"2020-09-17T19:41:15+00:00\",\"dateModified\":\"2020-09-21T20:12:30+00:00\",\"author\":{\"@id\":\"https:\/\/marlycamino.com\/#\/schema\/person\/c21b1940e6660c69ee384a1fc71244af\"},\"description\":\"Mis amados peregrinos , Estaba pendiente de escribirles para contarle sobre mi experiencia de mi primer viaje despu\u00e9s de 5 meses encerrada en mi\",\"breadcrumb\":{\"@id\":\"https:\/\/marlycamino.com\/es\/con-o-sin-mascarilla-yo-sigo-caminando\/#breadcrumb\"},\"inLanguage\":\"es\",\"potentialAction\":[{\"@type\":\"ReadAction\",\"target\":[\"https:\/\/marlycamino.com\/es\/con-o-sin-mascarilla-yo-sigo-caminando\/\"]}]},{\"@type\":\"ImageObject\",\"inLanguage\":\"es\",\"@id\":\"https:\/\/marlycamino.com\/es\/con-o-sin-mascarilla-yo-sigo-caminando\/#primaryimage\",\"url\":\"https:\/\/marlycamino.com\/wp-content\/uploads\/2020\/09\/Marly-5-1.jpg\",\"contentUrl\":\"https:\/\/marlycamino.com\/wp-content\/uploads\/2020\/09\/Marly-5-1.jpg\",\"width\":820,\"height\":615},{\"@type\":\"BreadcrumbList\",\"@id\":\"https:\/\/marlycamino.com\/es\/con-o-sin-mascarilla-yo-sigo-caminando\/#breadcrumb\",\"itemListElement\":[{\"@type\":\"ListItem\",\"position\":1,\"name\":\"Home\",\"item\":\"https:\/\/marlycamino.com\/es\/\"},{\"@type\":\"ListItem\",\"position\":2,\"name\":\"Con o sin mascarilla, yo sigo caminando\"}]},{\"@type\":\"WebSite\",\"@id\":\"https:\/\/marlycamino.com\/#website\",\"url\":\"https:\/\/marlycamino.com\/\",\"name\":\"\",\"description\":\"\",\"potentialAction\":[{\"@type\":\"SearchAction\",\"target\":{\"@type\":\"EntryPoint\",\"urlTemplate\":\"https:\/\/marlycamino.com\/?s={search_term_string}\"},\"query-input\":{\"@type\":\"PropertyValueSpecification\",\"valueRequired\":true,\"valueName\":\"search_term_string\"}}],\"inLanguage\":\"es\"},{\"@type\":\"Person\",\"@id\":\"https:\/\/marlycamino.com\/#\/schema\/person\/c21b1940e6660c69ee384a1fc71244af\",\"name\":\"sami\",\"image\":{\"@type\":\"ImageObject\",\"inLanguage\":\"es\",\"@id\":\"https:\/\/marlycamino.com\/#\/schema\/person\/image\/\",\"url\":\"https:\/\/secure.gravatar.com\/avatar\/54c017fb9d93b5e026ebfbf62ab9609ea7920887a584421c3a9b95f34682d2aa?s=96&d=mm&r=g\",\"contentUrl\":\"https:\/\/secure.gravatar.com\/avatar\/54c017fb9d93b5e026ebfbf62ab9609ea7920887a584421c3a9b95f34682d2aa?s=96&d=mm&r=g\",\"caption\":\"sami\"}}]}<\/script>\n<!-- \/ Yoast SEO plugin. -->","yoast_head_json":{"title":"Con o sin mascarilla, yo sigo caminando","description":"Mis amados peregrinos , Estaba pendiente de escribirles para contarle sobre mi experiencia de mi primer viaje despu\u00e9s de 5 meses encerrada en mi","robots":{"index":"index","follow":"follow","max-snippet":"max-snippet:-1","max-image-preview":"max-image-preview:large","max-video-preview":"max-video-preview:-1"},"canonical":"https:\/\/marlycamino.com\/es\/con-o-sin-mascarilla-yo-sigo-caminando\/","og_locale":"es_ES","og_type":"article","og_title":"Con o sin mascarilla, yo sigo caminando","og_description":"Mis amados peregrinos , Estaba pendiente de escribirles para contarle sobre mi experiencia de mi primer viaje despu\u00e9s de 5 meses encerrada en mi","og_url":"https:\/\/marlycamino.com\/es\/con-o-sin-mascarilla-yo-sigo-caminando\/","article_publisher":"https:\/\/www.facebook.com\/MarlyCamino\/","article_published_time":"2020-09-17T19:41:15+00:00","article_modified_time":"2020-09-21T20:12:30+00:00","og_image":[{"width":820,"height":615,"url":"https:\/\/marlycamino.com\/wp-content\/uploads\/2020\/09\/Marly-5-1.jpg","type":"image\/jpeg"}],"author":"sami","twitter_misc":{"Escrito por":"sami","Tiempo de lectura":"2 minutos"},"schema":{"@context":"https:\/\/schema.org","@graph":[{"@type":"WebPage","@id":"https:\/\/marlycamino.com\/es\/con-o-sin-mascarilla-yo-sigo-caminando\/","url":"https:\/\/marlycamino.com\/es\/con-o-sin-mascarilla-yo-sigo-caminando\/","name":"Con o sin mascarilla, yo sigo caminando","isPartOf":{"@id":"https:\/\/marlycamino.com\/#website"},"primaryImageOfPage":{"@id":"https:\/\/marlycamino.com\/es\/con-o-sin-mascarilla-yo-sigo-caminando\/#primaryimage"},"image":{"@id":"https:\/\/marlycamino.com\/es\/con-o-sin-mascarilla-yo-sigo-caminando\/#primaryimage"},"thumbnailUrl":"https:\/\/marlycamino.com\/wp-content\/uploads\/2020\/09\/Marly-5-1.jpg","datePublished":"2020-09-17T19:41:15+00:00","dateModified":"2020-09-21T20:12:30+00:00","author":{"@id":"https:\/\/marlycamino.com\/#\/schema\/person\/c21b1940e6660c69ee384a1fc71244af"},"description":"Mis amados peregrinos , Estaba pendiente de escribirles para contarle sobre mi experiencia de mi primer viaje despu\u00e9s de 5 meses encerrada en mi","breadcrumb":{"@id":"https:\/\/marlycamino.com\/es\/con-o-sin-mascarilla-yo-sigo-caminando\/#breadcrumb"},"inLanguage":"es","potentialAction":[{"@type":"ReadAction","target":["https:\/\/marlycamino.com\/es\/con-o-sin-mascarilla-yo-sigo-caminando\/"]}]},{"@type":"ImageObject","inLanguage":"es","@id":"https:\/\/marlycamino.com\/es\/con-o-sin-mascarilla-yo-sigo-caminando\/#primaryimage","url":"https:\/\/marlycamino.com\/wp-content\/uploads\/2020\/09\/Marly-5-1.jpg","contentUrl":"https:\/\/marlycamino.com\/wp-content\/uploads\/2020\/09\/Marly-5-1.jpg","width":820,"height":615},{"@type":"BreadcrumbList","@id":"https:\/\/marlycamino.com\/es\/con-o-sin-mascarilla-yo-sigo-caminando\/#breadcrumb","itemListElement":[{"@type":"ListItem","position":1,"name":"Home","item":"https:\/\/marlycamino.com\/es\/"},{"@type":"ListItem","position":2,"name":"Con o sin mascarilla, yo sigo caminando"}]},{"@type":"WebSite","@id":"https:\/\/marlycamino.com\/#website","url":"https:\/\/marlycamino.com\/","name":"","description":"","potentialAction":[{"@type":"SearchAction","target":{"@type":"EntryPoint","urlTemplate":"https:\/\/marlycamino.com\/?s={search_term_string}"},"query-input":{"@type":"PropertyValueSpecification","valueRequired":true,"valueName":"search_term_string"}}],"inLanguage":"es"},{"@type":"Person","@id":"https:\/\/marlycamino.com\/#\/schema\/person\/c21b1940e6660c69ee384a1fc71244af","name":"sami","image":{"@type":"ImageObject","inLanguage":"es","@id":"https:\/\/marlycamino.com\/#\/schema\/person\/image\/","url":"https:\/\/secure.gravatar.com\/avatar\/54c017fb9d93b5e026ebfbf62ab9609ea7920887a584421c3a9b95f34682d2aa?s=96&d=mm&r=g","contentUrl":"https:\/\/secure.gravatar.com\/avatar\/54c017fb9d93b5e026ebfbf62ab9609ea7920887a584421c3a9b95f34682d2aa?s=96&d=mm&r=g","caption":"sami"}}]}},"_links":{"self":[{"href":"https:\/\/marlycamino.com\/es\/wp-json\/wp\/v2\/posts\/14869","targetHints":{"allow":["GET"]}}],"collection":[{"href":"https:\/\/marlycamino.com\/es\/wp-json\/wp\/v2\/posts"}],"about":[{"href":"https:\/\/marlycamino.com\/es\/wp-json\/wp\/v2\/types\/post"}],"author":[{"embeddable":true,"href":"https:\/\/marlycamino.com\/es\/wp-json\/wp\/v2\/users\/2"}],"replies":[{"embeddable":true,"href":"https:\/\/marlycamino.com\/es\/wp-json\/wp\/v2\/comments?post=14869"}],"version-history":[{"count":0,"href":"https:\/\/marlycamino.com\/es\/wp-json\/wp\/v2\/posts\/14869\/revisions"}],"wp:featuredmedia":[{"embeddable":true,"href":"https:\/\/marlycamino.com\/es\/wp-json\/wp\/v2\/media\/14874"}],"wp:attachment":[{"href":"https:\/\/marlycamino.com\/es\/wp-json\/wp\/v2\/media?parent=14869"}],"wp:term":[{"taxonomy":"category","embeddable":true,"href":"https:\/\/marlycamino.com\/es\/wp-json\/wp\/v2\/categories?post=14869"},{"taxonomy":"post_tag","embeddable":true,"href":"https:\/\/marlycamino.com\/es\/wp-json\/wp\/v2\/tags?post=14869"}],"curies":[{"name":"wp","href":"https:\/\/api.w.org\/{rel}","templated":true}]}}