{"id":15056,"date":"2021-01-03T11:24:00","date_gmt":"2021-01-03T11:24:00","guid":{"rendered":"https:\/\/marlycamino.com\/?p=15056"},"modified":"2021-01-18T11:28:36","modified_gmt":"2021-01-18T11:28:36","slug":"la-puerta-santa-ya-esta-abierta-para-todos","status":"publish","type":"post","link":"https:\/\/marlycamino.com\/es\/la-puerta-santa-ya-esta-abierta-para-todos\/","title":{"rendered":"\u00a1La Puerta Santa ya est\u00e1 abierta para todos!"},"content":{"rendered":"\n<p>Estamos muy felices por que el pasado 31 de diciembre del 2020, en la Santa Misa, se realiz\u00f3 la ceremonia de apertura de la Puerta Santa, despu\u00e9s de haber anunciando la prorroga del A\u00f1o Santo hasta 2022.<\/p>\n\n\n\n<figure class=\"wp-block-image size-large\"><img loading=\"lazy\" decoding=\"async\" width=\"1024\" height=\"683\" src=\"https:\/\/marlycamino.com\/wp-content\/uploads\/2021\/01\/PUERTA-SANTA-DE-SANTIAGO2_06_20100101_puertasantacolas_0-1024x683.jpg\" alt=\"\" class=\"wp-image-15065\" srcset=\"https:\/\/marlycamino.com\/wp-content\/uploads\/2021\/01\/PUERTA-SANTA-DE-SANTIAGO2_06_20100101_puertasantacolas_0-1024x683.jpg 1024w, https:\/\/marlycamino.com\/wp-content\/uploads\/2021\/01\/PUERTA-SANTA-DE-SANTIAGO2_06_20100101_puertasantacolas_0-300x200.jpg 300w, https:\/\/marlycamino.com\/wp-content\/uploads\/2021\/01\/PUERTA-SANTA-DE-SANTIAGO2_06_20100101_puertasantacolas_0-768x512.jpg 768w, https:\/\/marlycamino.com\/wp-content\/uploads\/2021\/01\/PUERTA-SANTA-DE-SANTIAGO2_06_20100101_puertasantacolas_0-1536x1024.jpg 1536w, https:\/\/marlycamino.com\/wp-content\/uploads\/2021\/01\/PUERTA-SANTA-DE-SANTIAGO2_06_20100101_puertasantacolas_0-500x333.jpg 500w, https:\/\/marlycamino.com\/wp-content\/uploads\/2021\/01\/PUERTA-SANTA-DE-SANTIAGO2_06_20100101_puertasantacolas_0-100x67.jpg 100w, https:\/\/marlycamino.com\/wp-content\/uploads\/2021\/01\/PUERTA-SANTA-DE-SANTIAGO2_06_20100101_puertasantacolas_0-846x564.jpg 846w, https:\/\/marlycamino.com\/wp-content\/uploads\/2021\/01\/PUERTA-SANTA-DE-SANTIAGO2_06_20100101_puertasantacolas_0-1184x789.jpg 1184w, https:\/\/marlycamino.com\/wp-content\/uploads\/2021\/01\/PUERTA-SANTA-DE-SANTIAGO2_06_20100101_puertasantacolas_0.jpg 1575w\" sizes=\"auto, (max-width: 1024px) 100vw, 1024px\" \/><\/figure>\n\n\n\n<p>El arzobispo de Santiago, Monse\u00f1or Juli\u00e1n Barrio, realiz\u00f3 el rito de apertura de la Puerta Santa, que consist\u00eda en golpear la Puerta con un martillo ceremonial tres veces.<\/p>\n\n\n\n<figure class=\"wp-block-image size-large is-resized\"><img loading=\"lazy\" decoding=\"async\" src=\"https:\/\/marlycamino.com\/wp-content\/uploads\/2021\/01\/PUERTA-SANTA-DE-SANTIAGO_07_20091231_puertasanta_01-1-683x1024.jpg\" alt=\"\" class=\"wp-image-15067\" width=\"342\" height=\"512\" srcset=\"https:\/\/marlycamino.com\/wp-content\/uploads\/2021\/01\/PUERTA-SANTA-DE-SANTIAGO_07_20091231_puertasanta_01-1-683x1024.jpg 683w, https:\/\/marlycamino.com\/wp-content\/uploads\/2021\/01\/PUERTA-SANTA-DE-SANTIAGO_07_20091231_puertasanta_01-1-200x300.jpg 200w, https:\/\/marlycamino.com\/wp-content\/uploads\/2021\/01\/PUERTA-SANTA-DE-SANTIAGO_07_20091231_puertasanta_01-1-500x750.jpg 500w, https:\/\/marlycamino.com\/wp-content\/uploads\/2021\/01\/PUERTA-SANTA-DE-SANTIAGO_07_20091231_puertasanta_01-1-100x150.jpg 100w, https:\/\/marlycamino.com\/wp-content\/uploads\/2021\/01\/PUERTA-SANTA-DE-SANTIAGO_07_20091231_puertasanta_01-1.jpg 700w\" sizes=\"auto, (max-width: 342px) 100vw, 342px\" \/><\/figure>\n\n\n\n<figure class=\"wp-block-image size-large is-resized\"><img loading=\"lazy\" decoding=\"async\" src=\"https:\/\/marlycamino.com\/wp-content\/uploads\/2021\/01\/Martelo-Porta-Santa_Catedral-de-Santiago-de-Compostela_2020_1-300x200-2.jpg\" alt=\"\" class=\"wp-image-15069\" width=\"321\" height=\"214\" srcset=\"https:\/\/marlycamino.com\/wp-content\/uploads\/2021\/01\/Martelo-Porta-Santa_Catedral-de-Santiago-de-Compostela_2020_1-300x200-2.jpg 300w, https:\/\/marlycamino.com\/wp-content\/uploads\/2021\/01\/Martelo-Porta-Santa_Catedral-de-Santiago-de-Compostela_2020_1-300x200-2-100x67.jpg 100w\" sizes=\"auto, (max-width: 321px) 100vw, 321px\" \/><\/figure>\n\n\n\n<p>El martillo fue hecho en el a\u00f1o 2016, en plata y madera de encina y elaborado por dos conocidos orfebres: Georg Schulte y Ulrich O. B\u00f6ckenfeld, en M\u00fcnster (Alemania).<\/p>\n\n\n\n<p>Al abrir la Puerta Santa, accedi\u00f3 en primer lugar el Arzobispo Barrio, quien dio comienzo a la procesi\u00f3n que recorre el interior de la Catedral, hasta el altar mayor.<\/p>\n\n\n\n<p>Luego, se llev\u00f3 a cabo la solemne misa de acci\u00f3n de gracias que concluy\u00f3 con el m\u00e1gico encender del Botafumeiro.<\/p>\n\n\n\n<p>Este gran evento concluy\u00f3 con el espect\u00e1culo del compositor gallego Juan Dur\u00e1n, quien cre\u00f3 varias piezas musicales.<\/p>\n\n\n\n<p>Adem\u00e1s, en la Quintana luci\u00f3 una espectacular alfombra floral con motivos jacobeos, realizada por la Federaci\u00f3n Galega de Alfombristas.<\/p>\n\n\n\n<p>Una gran celebraci\u00f3n para un acontecimiento irrepetible.<\/p>\n\n\n\n<figure class=\"wp-block-image size-large is-resized\"><img loading=\"lazy\" decoding=\"async\" src=\"https:\/\/marlycamino.com\/wp-content\/uploads\/2021\/01\/descarga.jpg\" alt=\"\" class=\"wp-image-15063\" width=\"462\" height=\"259\" srcset=\"https:\/\/marlycamino.com\/wp-content\/uploads\/2021\/01\/descarga.jpg 300w, https:\/\/marlycamino.com\/wp-content\/uploads\/2021\/01\/descarga-100x56.jpg 100w\" sizes=\"auto, (max-width: 462px) 100vw, 462px\" \/><\/figure>\n","protected":false},"excerpt":{"rendered":"<p>Estamos muy felices por que el pasado 31 de diciembre del 2020, en la Santa Misa, se realiz\u00f3 la ceremonia de apertura de la Puerta Santa, despu\u00e9s de haber anunciando la prorroga del A\u00f1o Santo hasta 2022. El arzobispo de Santiago, Monse\u00f1or Juli\u00e1n Barrio, realiz\u00f3 el rito de apertura de la Puerta Santa, que consist\u00eda en golpear la Puerta con &#8230; <a href=\"https:\/\/marlycamino.com\/es\/la-puerta-santa-ya-esta-abierta-para-todos\/\" class=\"more-link\">Read More<\/a><\/p>\n","protected":false},"author":2,"featured_media":15057,"comment_status":"open","ping_status":"open","sticky":false,"template":"","format":"standard","meta":{"_acf_changed":false,"footnotes":""},"categories":[234,169],"tags":[],"class_list":["post-15056","post","type-post","status-publish","format-standard","has-post-thumbnail","hentry","category-el-camino-de-santiago","category-noticias-y-eventos"],"acf":[],"yoast_head":"<!-- This site is optimized with the Yoast SEO plugin v26.3 - https:\/\/yoast.com\/wordpress\/plugins\/seo\/ -->\n<title>\u00a1La Puerta Santa ya est\u00e1 abierta para todos!<\/title>\n<meta name=\"description\" content=\"Estamos muy felices por que el pasado 31 de diciembre del 2020, en la Santa Misa, se realiz\u00f3 la ceremonia de apertura de la Puerta Santa, despu\u00e9s de haber\" \/>\n<meta name=\"robots\" content=\"index, follow, max-snippet:-1, max-image-preview:large, max-video-preview:-1\" \/>\n<link rel=\"canonical\" href=\"https:\/\/marlycamino.com\/es\/la-puerta-santa-ya-esta-abierta-para-todos\/\" \/>\n<meta property=\"og:locale\" content=\"es_ES\" \/>\n<meta property=\"og:type\" content=\"article\" \/>\n<meta property=\"og:title\" content=\"\u00a1La Puerta Santa ya est\u00e1 abierta para todos!\" \/>\n<meta property=\"og:description\" content=\"Estamos muy felices por que el pasado 31 de diciembre del 2020, en la Santa Misa, se realiz\u00f3 la ceremonia de apertura de la Puerta Santa, despu\u00e9s de haber\" \/>\n<meta property=\"og:url\" content=\"https:\/\/marlycamino.com\/es\/la-puerta-santa-ya-esta-abierta-para-todos\/\" \/>\n<meta property=\"article:publisher\" content=\"https:\/\/www.facebook.com\/MarlyCamino\/\" \/>\n<meta property=\"article:published_time\" content=\"2021-01-03T11:24:00+00:00\" \/>\n<meta property=\"article:modified_time\" content=\"2021-01-18T11:28:36+00:00\" \/>\n<meta property=\"og:image\" content=\"https:\/\/marlycamino.com\/wp-content\/uploads\/2021\/01\/puerta.jpg\" \/>\n\t<meta property=\"og:image:width\" content=\"900\" \/>\n\t<meta property=\"og:image:height\" content=\"600\" \/>\n\t<meta property=\"og:image:type\" content=\"image\/jpeg\" \/>\n<meta name=\"author\" content=\"sami\" \/>\n<meta name=\"twitter:label1\" content=\"Escrito por\" \/>\n\t<meta name=\"twitter:data1\" content=\"sami\" \/>\n\t<meta name=\"twitter:label2\" content=\"Tiempo de lectura\" \/>\n\t<meta name=\"twitter:data2\" content=\"1 minuto\" \/>\n<script type=\"application\/ld+json\" class=\"yoast-schema-graph\">{\"@context\":\"https:\/\/schema.org\",\"@graph\":[{\"@type\":\"WebPage\",\"@id\":\"https:\/\/marlycamino.com\/es\/la-puerta-santa-ya-esta-abierta-para-todos\/\",\"url\":\"https:\/\/marlycamino.com\/es\/la-puerta-santa-ya-esta-abierta-para-todos\/\",\"name\":\"\u00a1La Puerta Santa ya est\u00e1 abierta para todos!\",\"isPartOf\":{\"@id\":\"https:\/\/marlycamino.com\/#website\"},\"primaryImageOfPage\":{\"@id\":\"https:\/\/marlycamino.com\/es\/la-puerta-santa-ya-esta-abierta-para-todos\/#primaryimage\"},\"image\":{\"@id\":\"https:\/\/marlycamino.com\/es\/la-puerta-santa-ya-esta-abierta-para-todos\/#primaryimage\"},\"thumbnailUrl\":\"https:\/\/marlycamino.com\/wp-content\/uploads\/2021\/01\/puerta.jpg\",\"datePublished\":\"2021-01-03T11:24:00+00:00\",\"dateModified\":\"2021-01-18T11:28:36+00:00\",\"author\":{\"@id\":\"https:\/\/marlycamino.com\/#\/schema\/person\/c21b1940e6660c69ee384a1fc71244af\"},\"description\":\"Estamos muy felices por que el pasado 31 de diciembre del 2020, en la Santa Misa, se realiz\u00f3 la ceremonia de apertura de la Puerta Santa, despu\u00e9s de haber\",\"breadcrumb\":{\"@id\":\"https:\/\/marlycamino.com\/es\/la-puerta-santa-ya-esta-abierta-para-todos\/#breadcrumb\"},\"inLanguage\":\"es\",\"potentialAction\":[{\"@type\":\"ReadAction\",\"target\":[\"https:\/\/marlycamino.com\/es\/la-puerta-santa-ya-esta-abierta-para-todos\/\"]}]},{\"@type\":\"ImageObject\",\"inLanguage\":\"es\",\"@id\":\"https:\/\/marlycamino.com\/es\/la-puerta-santa-ya-esta-abierta-para-todos\/#primaryimage\",\"url\":\"https:\/\/marlycamino.com\/wp-content\/uploads\/2021\/01\/puerta.jpg\",\"contentUrl\":\"https:\/\/marlycamino.com\/wp-content\/uploads\/2021\/01\/puerta.jpg\",\"width\":900,\"height\":600},{\"@type\":\"BreadcrumbList\",\"@id\":\"https:\/\/marlycamino.com\/es\/la-puerta-santa-ya-esta-abierta-para-todos\/#breadcrumb\",\"itemListElement\":[{\"@type\":\"ListItem\",\"position\":1,\"name\":\"Home\",\"item\":\"https:\/\/marlycamino.com\/es\/\"},{\"@type\":\"ListItem\",\"position\":2,\"name\":\"\u00a1La Puerta Santa ya est\u00e1 abierta para todos!\"}]},{\"@type\":\"WebSite\",\"@id\":\"https:\/\/marlycamino.com\/#website\",\"url\":\"https:\/\/marlycamino.com\/\",\"name\":\"\",\"description\":\"\",\"potentialAction\":[{\"@type\":\"SearchAction\",\"target\":{\"@type\":\"EntryPoint\",\"urlTemplate\":\"https:\/\/marlycamino.com\/?s={search_term_string}\"},\"query-input\":{\"@type\":\"PropertyValueSpecification\",\"valueRequired\":true,\"valueName\":\"search_term_string\"}}],\"inLanguage\":\"es\"},{\"@type\":\"Person\",\"@id\":\"https:\/\/marlycamino.com\/#\/schema\/person\/c21b1940e6660c69ee384a1fc71244af\",\"name\":\"sami\",\"image\":{\"@type\":\"ImageObject\",\"inLanguage\":\"es\",\"@id\":\"https:\/\/marlycamino.com\/#\/schema\/person\/image\/\",\"url\":\"https:\/\/secure.gravatar.com\/avatar\/54c017fb9d93b5e026ebfbf62ab9609ea7920887a584421c3a9b95f34682d2aa?s=96&d=mm&r=g\",\"contentUrl\":\"https:\/\/secure.gravatar.com\/avatar\/54c017fb9d93b5e026ebfbf62ab9609ea7920887a584421c3a9b95f34682d2aa?s=96&d=mm&r=g\",\"caption\":\"sami\"}}]}<\/script>\n<!-- \/ Yoast SEO plugin. -->","yoast_head_json":{"title":"\u00a1La Puerta Santa ya est\u00e1 abierta para todos!","description":"Estamos muy felices por que el pasado 31 de diciembre del 2020, en la Santa Misa, se realiz\u00f3 la ceremonia de apertura de la Puerta Santa, despu\u00e9s de haber","robots":{"index":"index","follow":"follow","max-snippet":"max-snippet:-1","max-image-preview":"max-image-preview:large","max-video-preview":"max-video-preview:-1"},"canonical":"https:\/\/marlycamino.com\/es\/la-puerta-santa-ya-esta-abierta-para-todos\/","og_locale":"es_ES","og_type":"article","og_title":"\u00a1La Puerta Santa ya est\u00e1 abierta para todos!","og_description":"Estamos muy felices por que el pasado 31 de diciembre del 2020, en la Santa Misa, se realiz\u00f3 la ceremonia de apertura de la Puerta Santa, despu\u00e9s de haber","og_url":"https:\/\/marlycamino.com\/es\/la-puerta-santa-ya-esta-abierta-para-todos\/","article_publisher":"https:\/\/www.facebook.com\/MarlyCamino\/","article_published_time":"2021-01-03T11:24:00+00:00","article_modified_time":"2021-01-18T11:28:36+00:00","og_image":[{"width":900,"height":600,"url":"https:\/\/marlycamino.com\/wp-content\/uploads\/2021\/01\/puerta.jpg","type":"image\/jpeg"}],"author":"sami","twitter_misc":{"Escrito por":"sami","Tiempo de lectura":"1 minuto"},"schema":{"@context":"https:\/\/schema.org","@graph":[{"@type":"WebPage","@id":"https:\/\/marlycamino.com\/es\/la-puerta-santa-ya-esta-abierta-para-todos\/","url":"https:\/\/marlycamino.com\/es\/la-puerta-santa-ya-esta-abierta-para-todos\/","name":"\u00a1La Puerta Santa ya est\u00e1 abierta para todos!","isPartOf":{"@id":"https:\/\/marlycamino.com\/#website"},"primaryImageOfPage":{"@id":"https:\/\/marlycamino.com\/es\/la-puerta-santa-ya-esta-abierta-para-todos\/#primaryimage"},"image":{"@id":"https:\/\/marlycamino.com\/es\/la-puerta-santa-ya-esta-abierta-para-todos\/#primaryimage"},"thumbnailUrl":"https:\/\/marlycamino.com\/wp-content\/uploads\/2021\/01\/puerta.jpg","datePublished":"2021-01-03T11:24:00+00:00","dateModified":"2021-01-18T11:28:36+00:00","author":{"@id":"https:\/\/marlycamino.com\/#\/schema\/person\/c21b1940e6660c69ee384a1fc71244af"},"description":"Estamos muy felices por que el pasado 31 de diciembre del 2020, en la Santa Misa, se realiz\u00f3 la ceremonia de apertura de la Puerta Santa, despu\u00e9s de haber","breadcrumb":{"@id":"https:\/\/marlycamino.com\/es\/la-puerta-santa-ya-esta-abierta-para-todos\/#breadcrumb"},"inLanguage":"es","potentialAction":[{"@type":"ReadAction","target":["https:\/\/marlycamino.com\/es\/la-puerta-santa-ya-esta-abierta-para-todos\/"]}]},{"@type":"ImageObject","inLanguage":"es","@id":"https:\/\/marlycamino.com\/es\/la-puerta-santa-ya-esta-abierta-para-todos\/#primaryimage","url":"https:\/\/marlycamino.com\/wp-content\/uploads\/2021\/01\/puerta.jpg","contentUrl":"https:\/\/marlycamino.com\/wp-content\/uploads\/2021\/01\/puerta.jpg","width":900,"height":600},{"@type":"BreadcrumbList","@id":"https:\/\/marlycamino.com\/es\/la-puerta-santa-ya-esta-abierta-para-todos\/#breadcrumb","itemListElement":[{"@type":"ListItem","position":1,"name":"Home","item":"https:\/\/marlycamino.com\/es\/"},{"@type":"ListItem","position":2,"name":"\u00a1La Puerta Santa ya est\u00e1 abierta para todos!"}]},{"@type":"WebSite","@id":"https:\/\/marlycamino.com\/#website","url":"https:\/\/marlycamino.com\/","name":"","description":"","potentialAction":[{"@type":"SearchAction","target":{"@type":"EntryPoint","urlTemplate":"https:\/\/marlycamino.com\/?s={search_term_string}"},"query-input":{"@type":"PropertyValueSpecification","valueRequired":true,"valueName":"search_term_string"}}],"inLanguage":"es"},{"@type":"Person","@id":"https:\/\/marlycamino.com\/#\/schema\/person\/c21b1940e6660c69ee384a1fc71244af","name":"sami","image":{"@type":"ImageObject","inLanguage":"es","@id":"https:\/\/marlycamino.com\/#\/schema\/person\/image\/","url":"https:\/\/secure.gravatar.com\/avatar\/54c017fb9d93b5e026ebfbf62ab9609ea7920887a584421c3a9b95f34682d2aa?s=96&d=mm&r=g","contentUrl":"https:\/\/secure.gravatar.com\/avatar\/54c017fb9d93b5e026ebfbf62ab9609ea7920887a584421c3a9b95f34682d2aa?s=96&d=mm&r=g","caption":"sami"}}]}},"_links":{"self":[{"href":"https:\/\/marlycamino.com\/es\/wp-json\/wp\/v2\/posts\/15056","targetHints":{"allow":["GET"]}}],"collection":[{"href":"https:\/\/marlycamino.com\/es\/wp-json\/wp\/v2\/posts"}],"about":[{"href":"https:\/\/marlycamino.com\/es\/wp-json\/wp\/v2\/types\/post"}],"author":[{"embeddable":true,"href":"https:\/\/marlycamino.com\/es\/wp-json\/wp\/v2\/users\/2"}],"replies":[{"embeddable":true,"href":"https:\/\/marlycamino.com\/es\/wp-json\/wp\/v2\/comments?post=15056"}],"version-history":[{"count":0,"href":"https:\/\/marlycamino.com\/es\/wp-json\/wp\/v2\/posts\/15056\/revisions"}],"wp:featuredmedia":[{"embeddable":true,"href":"https:\/\/marlycamino.com\/es\/wp-json\/wp\/v2\/media\/15057"}],"wp:attachment":[{"href":"https:\/\/marlycamino.com\/es\/wp-json\/wp\/v2\/media?parent=15056"}],"wp:term":[{"taxonomy":"category","embeddable":true,"href":"https:\/\/marlycamino.com\/es\/wp-json\/wp\/v2\/categories?post=15056"},{"taxonomy":"post_tag","embeddable":true,"href":"https:\/\/marlycamino.com\/es\/wp-json\/wp\/v2\/tags?post=15056"}],"curies":[{"name":"wp","href":"https:\/\/api.w.org\/{rel}","templated":true}]}}