{"id":15126,"date":"2021-03-23T12:26:38","date_gmt":"2021-03-23T12:26:38","guid":{"rendered":"https:\/\/marlycamino.com\/?p=15126"},"modified":"2021-04-07T13:11:18","modified_gmt":"2021-04-07T13:11:18","slug":"la-vieira","status":"publish","type":"post","link":"https:\/\/marlycamino.com\/es\/la-vieira\/","title":{"rendered":"La Vieira: El s\u00edmbolo del Camino de Santiago"},"content":{"rendered":"\n<p>\u00bfSabes qu\u00e9 es la <strong>Vieira del Camino de Santiago<\/strong>? \u00bfAlguna vez te han dicho por qu\u00e9 es el <strong>s\u00edmbolo<\/strong> de este camino tan famoso en Espa\u00f1a?<\/p>\n\n\n\n<p>En este post te hablaremos acerca del <strong>significado<\/strong> de este s\u00edmbolo y algunas <strong>curiosidades<\/strong> de este.<\/p>\n\n\n\n<h2 class=\"wp-block-heading\">Leyendas<\/h2>\n\n\n\n<p>Muchas <strong>leyendas<\/strong> intentan explicar el origen de la asociaci\u00f3n entre la vieira y el camino. Algunos lo relacionan con el hecho de que el <strong>ap\u00f3stol Santiago<\/strong> era en un principio un <strong>pescador<\/strong> en el lago Tiber\u00edades.<\/p>\n\n\n\n<p>Algunas leyendas relatan que el cuerpo del ap\u00f3stol Santiago fue trasladado desde el Mediterr\u00e1neo hasta el Atl\u00e1ntico y, al pasar por Portugal, un caballero llamado Cayo penetr\u00f3 en el mar con curiosidad al ver el barco pasar. <\/p>\n\n\n\n<figure class=\"wp-block-image size-large\"><img loading=\"lazy\" decoding=\"async\" width=\"500\" height=\"310\" src=\"https:\/\/marlycamino.com\/wp-content\/uploads\/2021\/03\/vieira-3.jpg\" alt=\"\" class=\"wp-image-15122\" srcset=\"https:\/\/marlycamino.com\/wp-content\/uploads\/2021\/03\/vieira-3.jpg 500w, https:\/\/marlycamino.com\/wp-content\/uploads\/2021\/03\/vieira-3-300x186.jpg 300w, https:\/\/marlycamino.com\/wp-content\/uploads\/2021\/03\/vieira-3-100x62.jpg 100w\" sizes=\"auto, (max-width: 500px) 100vw, 500px\" \/><\/figure>\n\n\n\n<p>Iba montando su <strong>caballo<\/strong> y, al regresar a la costa, \u00e9l y su animal estaban cubiertos de vieiras. Para otros, la <strong>barca<\/strong> de Santiago se transform\u00f3 en piedra al llegar a Iria Flavia y se hundi\u00f3, reflotando al momento; milagrosamente cubierto de vieiras.<\/p>\n\n\n\n<p>Seg\u00fan la imaginaci\u00f3n de otros muchos, la concha ser\u00eda un m\u00e9todo para recoger <strong>agua<\/strong> de las fuentes y r\u00edos a modo de vaso.<\/p>\n\n\n\n<p>En todo caso, durante la <strong>Edad Media<\/strong> se convierte en <strong>s\u00edmbolo compostelano<\/strong>. La entrada a Santiago del camino franc\u00e9s se llevaba a cabo por el barrio de los <strong>concheiros<\/strong>, que a\u00fan hoy d\u00eda recibe ese nombre. Aqu\u00ed la gente esperaba a los peregrinos para venderles las vieiras: desde las m\u00e1s caras de <strong>plata o azabache<\/strong> a las <strong>naturales<\/strong> m\u00e1s econ\u00f3micas. <\/p>\n\n\n\n<figure class=\"wp-block-image size-large\"><img loading=\"lazy\" decoding=\"async\" width=\"640\" height=\"358\" src=\"https:\/\/marlycamino.com\/wp-content\/uploads\/2021\/03\/vieira-2.jpg\" alt=\"\" class=\"wp-image-15118\" srcset=\"https:\/\/marlycamino.com\/wp-content\/uploads\/2021\/03\/vieira-2.jpg 640w, https:\/\/marlycamino.com\/wp-content\/uploads\/2021\/03\/vieira-2-300x168.jpg 300w, https:\/\/marlycamino.com\/wp-content\/uploads\/2021\/03\/vieira-2-500x280.jpg 500w, https:\/\/marlycamino.com\/wp-content\/uploads\/2021\/03\/vieira-2-100x56.jpg 100w\" sizes=\"auto, (max-width: 640px) 100vw, 640px\" \/><\/figure>\n\n\n\n<p>Esta concha, como s\u00edmbolo y testimonio de la peregrinaci\u00f3n a Santiago, se portaba en el camino <strong>de regreso<\/strong> (recordemos que antiguamente la peregrinaci\u00f3n consist\u00eda en un viaje de ida y vuelta a casa).<\/p>\n\n\n\n<h2 class=\"wp-block-heading\">Significado<\/h2>\n\n\n\n<p>En el siglo XIX adquiri\u00f3 el nombre cient\u00edfico de <em>Pecten Maximus<\/em>, lo que en lat\u00edn significa \u201cpeine\u201d. Plino, un naturalista romano, lo llam\u00f3 as\u00ed por su parecido a un <strong>peine<\/strong> de la antigua Roma. Pero la palabra \u201cvieira\u201d procede de otra palabra latina: \u201cven\u00e9rea\u201d, que significa \u201c<strong>Concha de Venus<\/strong>\u201d.<\/p>\n\n\n\n<p>Venus, como muchos ya sab\u00e9is, es la diosa de la seducci\u00f3n, de la belleza y del amor. Pero a su vez es tambi\u00e9n asociada a la <strong>fertilidad<\/strong> y por lo tanto al sexo. La relaci\u00f3n con Compostela ser\u00eda, en este caso, la fertilidad: la idea del nacimiento o de renacimiento. En el cristianismo las conchas de vieiras se utilizan como recipiente para el agua bendita en los <strong>bautizos<\/strong>. La persona bautizada nace de nuevo como cristiano.<\/p>\n\n\n\n<figure class=\"wp-block-image size-large\"><img loading=\"lazy\" decoding=\"async\" width=\"1024\" height=\"576\" src=\"https:\/\/marlycamino.com\/wp-content\/uploads\/2021\/03\/vieira-1-1024x576.jpg\" alt=\"\" class=\"wp-image-15125\" srcset=\"https:\/\/marlycamino.com\/wp-content\/uploads\/2021\/03\/vieira-1-1024x576.jpg 1024w, https:\/\/marlycamino.com\/wp-content\/uploads\/2021\/03\/vieira-1-300x169.jpg 300w, https:\/\/marlycamino.com\/wp-content\/uploads\/2021\/03\/vieira-1-768x432.jpg 768w, https:\/\/marlycamino.com\/wp-content\/uploads\/2021\/03\/vieira-1-500x281.jpg 500w, https:\/\/marlycamino.com\/wp-content\/uploads\/2021\/03\/vieira-1-100x56.jpg 100w, https:\/\/marlycamino.com\/wp-content\/uploads\/2021\/03\/vieira-1-846x476.jpg 846w, https:\/\/marlycamino.com\/wp-content\/uploads\/2021\/03\/vieira-1-1184x666.jpg 1184w, https:\/\/marlycamino.com\/wp-content\/uploads\/2021\/03\/vieira-1.jpg 1489w\" sizes=\"auto, (max-width: 1024px) 100vw, 1024px\" \/><\/figure>\n\n\n\n<p>En lo relacionado con el peregrino, este comienza una nueva vida: es un <strong>renacido<\/strong>. Y la vieira es el s\u00edmbolo de su renacimiento. Ver el sol ocultarse en las aguas del fin del mundo del camino hacia <strong>Finisterre<\/strong> simboliza la muerte; pero el nuevo d\u00eda simboliza la resurrecci\u00f3n. <\/p>\n\n\n\n<p>El peregrino renacido regresa a su hogar orgulloso de su concha de vieira. Por lo tanto, en este sentido, la vieira es tambi\u00e9n un s\u00edmbolo de <strong>purificaci\u00f3n espiritual<\/strong>.<\/p>\n\n\n\n<p>Ya sabemos un poco m\u00e1s acerca de este s\u00edmbolo tan bonito y especial, lleno de leyendas e historias asombrosas que nos llenan el alma y el coraz\u00f3n de asombro e ilusi\u00f3n por hacer el <strong>Camino de Santiago<\/strong> y, una vez hecho, quedarnos con las ganas de repetir una y otra vez.<\/p>\n\n\n\n<p>\u00bfQu\u00e9 te han parecido las leyendas de la Vieira del Camino de Santiago? \u00bfSabes alguna otra?&nbsp; \u00a1Te leemos!<\/p>\n\n\n\n<p><strong>\u00a1Hasta la pr\u00f3xima peregrino!&nbsp;<\/strong><\/p>\n","protected":false},"excerpt":{"rendered":"<p>\u00bfSabes qu\u00e9 es la Vieira del Camino de Santiago? \u00bfAlguna vez te han dicho por qu\u00e9 es el s\u00edmbolo de este camino tan famoso en Espa\u00f1a? En este post te hablaremos acerca del significado de este s\u00edmbolo y algunas curiosidades de este. Leyendas Muchas leyendas intentan explicar el origen de la asociaci\u00f3n entre la vieira y el camino. Algunos lo &#8230; <a href=\"https:\/\/marlycamino.com\/es\/la-vieira\/\" class=\"more-link\">Read More<\/a><\/p>\n","protected":false},"author":2,"featured_media":15120,"comment_status":"open","ping_status":"open","sticky":false,"template":"","format":"standard","meta":{"_acf_changed":false,"footnotes":""},"categories":[234],"tags":[],"class_list":["post-15126","post","type-post","status-publish","format-standard","has-post-thumbnail","hentry","category-el-camino-de-santiago"],"acf":[],"yoast_head":"<!-- This site is optimized with the Yoast SEO plugin v26.3 - https:\/\/yoast.com\/wordpress\/plugins\/seo\/ -->\n<title>La Vieira: El s\u00edmbolo del Camino de Santiago<\/title>\n<meta name=\"description\" content=\"\u00bfSabes qu\u00e9 es la Vieira del Camino de Santiago? \u00bfAlguna vez te han dicho por qu\u00e9 es el s\u00edmbolo de este camino tan famoso en Espa\u00f1a? En este post te\" \/>\n<meta name=\"robots\" content=\"index, follow, max-snippet:-1, max-image-preview:large, max-video-preview:-1\" \/>\n<link rel=\"canonical\" href=\"https:\/\/marlycamino.com\/es\/la-vieira\/\" \/>\n<meta property=\"og:locale\" content=\"es_ES\" \/>\n<meta property=\"og:type\" content=\"article\" \/>\n<meta property=\"og:title\" content=\"La Vieira: El s\u00edmbolo del Camino de Santiago\" \/>\n<meta property=\"og:description\" content=\"\u00bfSabes qu\u00e9 es la Vieira del Camino de Santiago? \u00bfAlguna vez te han dicho por qu\u00e9 es el s\u00edmbolo de este camino tan famoso en Espa\u00f1a? En este post te\" \/>\n<meta property=\"og:url\" content=\"https:\/\/marlycamino.com\/es\/la-vieira\/\" \/>\n<meta property=\"article:publisher\" content=\"https:\/\/www.facebook.com\/MarlyCamino\/\" \/>\n<meta property=\"article:published_time\" content=\"2021-03-23T12:26:38+00:00\" \/>\n<meta property=\"article:modified_time\" content=\"2021-04-07T13:11:18+00:00\" \/>\n<meta property=\"og:image\" content=\"https:\/\/marlycamino.com\/wp-content\/uploads\/2021\/03\/vieira-2-destacada.jpg\" \/>\n\t<meta property=\"og:image:width\" content=\"600\" \/>\n\t<meta property=\"og:image:height\" content=\"400\" \/>\n\t<meta property=\"og:image:type\" content=\"image\/jpeg\" \/>\n<meta name=\"author\" content=\"sami\" \/>\n<meta name=\"twitter:label1\" content=\"Escrito por\" \/>\n\t<meta name=\"twitter:data1\" content=\"sami\" \/>\n\t<meta name=\"twitter:label2\" content=\"Tiempo de lectura\" \/>\n\t<meta name=\"twitter:data2\" content=\"4 minutos\" \/>\n<script type=\"application\/ld+json\" class=\"yoast-schema-graph\">{\"@context\":\"https:\/\/schema.org\",\"@graph\":[{\"@type\":\"WebPage\",\"@id\":\"https:\/\/marlycamino.com\/es\/la-vieira\/\",\"url\":\"https:\/\/marlycamino.com\/es\/la-vieira\/\",\"name\":\"La Vieira: El s\u00edmbolo del Camino de Santiago\",\"isPartOf\":{\"@id\":\"https:\/\/marlycamino.com\/#website\"},\"primaryImageOfPage\":{\"@id\":\"https:\/\/marlycamino.com\/es\/la-vieira\/#primaryimage\"},\"image\":{\"@id\":\"https:\/\/marlycamino.com\/es\/la-vieira\/#primaryimage\"},\"thumbnailUrl\":\"https:\/\/marlycamino.com\/wp-content\/uploads\/2021\/03\/vieira-2-destacada.jpg\",\"datePublished\":\"2021-03-23T12:26:38+00:00\",\"dateModified\":\"2021-04-07T13:11:18+00:00\",\"author\":{\"@id\":\"https:\/\/marlycamino.com\/#\/schema\/person\/c21b1940e6660c69ee384a1fc71244af\"},\"description\":\"\u00bfSabes qu\u00e9 es la Vieira del Camino de Santiago? \u00bfAlguna vez te han dicho por qu\u00e9 es el s\u00edmbolo de este camino tan famoso en Espa\u00f1a? En este post te\",\"breadcrumb\":{\"@id\":\"https:\/\/marlycamino.com\/es\/la-vieira\/#breadcrumb\"},\"inLanguage\":\"es\",\"potentialAction\":[{\"@type\":\"ReadAction\",\"target\":[\"https:\/\/marlycamino.com\/es\/la-vieira\/\"]}]},{\"@type\":\"ImageObject\",\"inLanguage\":\"es\",\"@id\":\"https:\/\/marlycamino.com\/es\/la-vieira\/#primaryimage\",\"url\":\"https:\/\/marlycamino.com\/wp-content\/uploads\/2021\/03\/vieira-2-destacada.jpg\",\"contentUrl\":\"https:\/\/marlycamino.com\/wp-content\/uploads\/2021\/03\/vieira-2-destacada.jpg\",\"width\":600,\"height\":400},{\"@type\":\"BreadcrumbList\",\"@id\":\"https:\/\/marlycamino.com\/es\/la-vieira\/#breadcrumb\",\"itemListElement\":[{\"@type\":\"ListItem\",\"position\":1,\"name\":\"Home\",\"item\":\"https:\/\/marlycamino.com\/es\/\"},{\"@type\":\"ListItem\",\"position\":2,\"name\":\"La Vieira: El s\u00edmbolo del Camino de Santiago\"}]},{\"@type\":\"WebSite\",\"@id\":\"https:\/\/marlycamino.com\/#website\",\"url\":\"https:\/\/marlycamino.com\/\",\"name\":\"\",\"description\":\"\",\"potentialAction\":[{\"@type\":\"SearchAction\",\"target\":{\"@type\":\"EntryPoint\",\"urlTemplate\":\"https:\/\/marlycamino.com\/?s={search_term_string}\"},\"query-input\":{\"@type\":\"PropertyValueSpecification\",\"valueRequired\":true,\"valueName\":\"search_term_string\"}}],\"inLanguage\":\"es\"},{\"@type\":\"Person\",\"@id\":\"https:\/\/marlycamino.com\/#\/schema\/person\/c21b1940e6660c69ee384a1fc71244af\",\"name\":\"sami\",\"image\":{\"@type\":\"ImageObject\",\"inLanguage\":\"es\",\"@id\":\"https:\/\/marlycamino.com\/#\/schema\/person\/image\/\",\"url\":\"https:\/\/secure.gravatar.com\/avatar\/54c017fb9d93b5e026ebfbf62ab9609ea7920887a584421c3a9b95f34682d2aa?s=96&d=mm&r=g\",\"contentUrl\":\"https:\/\/secure.gravatar.com\/avatar\/54c017fb9d93b5e026ebfbf62ab9609ea7920887a584421c3a9b95f34682d2aa?s=96&d=mm&r=g\",\"caption\":\"sami\"}}]}<\/script>\n<!-- \/ Yoast SEO plugin. -->","yoast_head_json":{"title":"La Vieira: El s\u00edmbolo del Camino de Santiago","description":"\u00bfSabes qu\u00e9 es la Vieira del Camino de Santiago? \u00bfAlguna vez te han dicho por qu\u00e9 es el s\u00edmbolo de este camino tan famoso en Espa\u00f1a? En este post te","robots":{"index":"index","follow":"follow","max-snippet":"max-snippet:-1","max-image-preview":"max-image-preview:large","max-video-preview":"max-video-preview:-1"},"canonical":"https:\/\/marlycamino.com\/es\/la-vieira\/","og_locale":"es_ES","og_type":"article","og_title":"La Vieira: El s\u00edmbolo del Camino de Santiago","og_description":"\u00bfSabes qu\u00e9 es la Vieira del Camino de Santiago? \u00bfAlguna vez te han dicho por qu\u00e9 es el s\u00edmbolo de este camino tan famoso en Espa\u00f1a? En este post te","og_url":"https:\/\/marlycamino.com\/es\/la-vieira\/","article_publisher":"https:\/\/www.facebook.com\/MarlyCamino\/","article_published_time":"2021-03-23T12:26:38+00:00","article_modified_time":"2021-04-07T13:11:18+00:00","og_image":[{"width":600,"height":400,"url":"https:\/\/marlycamino.com\/wp-content\/uploads\/2021\/03\/vieira-2-destacada.jpg","type":"image\/jpeg"}],"author":"sami","twitter_misc":{"Escrito por":"sami","Tiempo de lectura":"4 minutos"},"schema":{"@context":"https:\/\/schema.org","@graph":[{"@type":"WebPage","@id":"https:\/\/marlycamino.com\/es\/la-vieira\/","url":"https:\/\/marlycamino.com\/es\/la-vieira\/","name":"La Vieira: El s\u00edmbolo del Camino de Santiago","isPartOf":{"@id":"https:\/\/marlycamino.com\/#website"},"primaryImageOfPage":{"@id":"https:\/\/marlycamino.com\/es\/la-vieira\/#primaryimage"},"image":{"@id":"https:\/\/marlycamino.com\/es\/la-vieira\/#primaryimage"},"thumbnailUrl":"https:\/\/marlycamino.com\/wp-content\/uploads\/2021\/03\/vieira-2-destacada.jpg","datePublished":"2021-03-23T12:26:38+00:00","dateModified":"2021-04-07T13:11:18+00:00","author":{"@id":"https:\/\/marlycamino.com\/#\/schema\/person\/c21b1940e6660c69ee384a1fc71244af"},"description":"\u00bfSabes qu\u00e9 es la Vieira del Camino de Santiago? \u00bfAlguna vez te han dicho por qu\u00e9 es el s\u00edmbolo de este camino tan famoso en Espa\u00f1a? En este post te","breadcrumb":{"@id":"https:\/\/marlycamino.com\/es\/la-vieira\/#breadcrumb"},"inLanguage":"es","potentialAction":[{"@type":"ReadAction","target":["https:\/\/marlycamino.com\/es\/la-vieira\/"]}]},{"@type":"ImageObject","inLanguage":"es","@id":"https:\/\/marlycamino.com\/es\/la-vieira\/#primaryimage","url":"https:\/\/marlycamino.com\/wp-content\/uploads\/2021\/03\/vieira-2-destacada.jpg","contentUrl":"https:\/\/marlycamino.com\/wp-content\/uploads\/2021\/03\/vieira-2-destacada.jpg","width":600,"height":400},{"@type":"BreadcrumbList","@id":"https:\/\/marlycamino.com\/es\/la-vieira\/#breadcrumb","itemListElement":[{"@type":"ListItem","position":1,"name":"Home","item":"https:\/\/marlycamino.com\/es\/"},{"@type":"ListItem","position":2,"name":"La Vieira: El s\u00edmbolo del Camino de Santiago"}]},{"@type":"WebSite","@id":"https:\/\/marlycamino.com\/#website","url":"https:\/\/marlycamino.com\/","name":"","description":"","potentialAction":[{"@type":"SearchAction","target":{"@type":"EntryPoint","urlTemplate":"https:\/\/marlycamino.com\/?s={search_term_string}"},"query-input":{"@type":"PropertyValueSpecification","valueRequired":true,"valueName":"search_term_string"}}],"inLanguage":"es"},{"@type":"Person","@id":"https:\/\/marlycamino.com\/#\/schema\/person\/c21b1940e6660c69ee384a1fc71244af","name":"sami","image":{"@type":"ImageObject","inLanguage":"es","@id":"https:\/\/marlycamino.com\/#\/schema\/person\/image\/","url":"https:\/\/secure.gravatar.com\/avatar\/54c017fb9d93b5e026ebfbf62ab9609ea7920887a584421c3a9b95f34682d2aa?s=96&d=mm&r=g","contentUrl":"https:\/\/secure.gravatar.com\/avatar\/54c017fb9d93b5e026ebfbf62ab9609ea7920887a584421c3a9b95f34682d2aa?s=96&d=mm&r=g","caption":"sami"}}]}},"_links":{"self":[{"href":"https:\/\/marlycamino.com\/es\/wp-json\/wp\/v2\/posts\/15126","targetHints":{"allow":["GET"]}}],"collection":[{"href":"https:\/\/marlycamino.com\/es\/wp-json\/wp\/v2\/posts"}],"about":[{"href":"https:\/\/marlycamino.com\/es\/wp-json\/wp\/v2\/types\/post"}],"author":[{"embeddable":true,"href":"https:\/\/marlycamino.com\/es\/wp-json\/wp\/v2\/users\/2"}],"replies":[{"embeddable":true,"href":"https:\/\/marlycamino.com\/es\/wp-json\/wp\/v2\/comments?post=15126"}],"version-history":[{"count":0,"href":"https:\/\/marlycamino.com\/es\/wp-json\/wp\/v2\/posts\/15126\/revisions"}],"wp:featuredmedia":[{"embeddable":true,"href":"https:\/\/marlycamino.com\/es\/wp-json\/wp\/v2\/media\/15120"}],"wp:attachment":[{"href":"https:\/\/marlycamino.com\/es\/wp-json\/wp\/v2\/media?parent=15126"}],"wp:term":[{"taxonomy":"category","embeddable":true,"href":"https:\/\/marlycamino.com\/es\/wp-json\/wp\/v2\/categories?post=15126"},{"taxonomy":"post_tag","embeddable":true,"href":"https:\/\/marlycamino.com\/es\/wp-json\/wp\/v2\/tags?post=15126"}],"curies":[{"name":"wp","href":"https:\/\/api.w.org\/{rel}","templated":true}]}}