{"id":15687,"date":"2022-01-06T21:41:00","date_gmt":"2022-01-06T21:41:00","guid":{"rendered":"https:\/\/marlycamino.com\/?p=15687"},"modified":"2021-12-21T21:52:54","modified_gmt":"2021-12-21T21:52:54","slug":"por-que-los-reyes-cristianos-fomentaron-la-peregrinacion-a-santiago-de-compostela","status":"publish","type":"post","link":"https:\/\/marlycamino.com\/es\/por-que-los-reyes-cristianos-fomentaron-la-peregrinacion-a-santiago-de-compostela\/","title":{"rendered":"\u00bfPor qu\u00e9 los Reyes cristianos fomentaron la peregrinaci\u00f3n a Santiago de Compostela?"},"content":{"rendered":"\n<p>Cada persona tiene el derecho de tener sus creencias como algo personal, es algo que se aprende e internaliza con la edad y por ello se necesita paciencia, para soportar los muchos retos que se presentan en nuestras vidas. En el caso de la religi\u00f3n cat\u00f3lica, casi siempre se deben hacer ciertos sacrificios con el cuerpo f\u00edsico para purificar el alma, al menos as\u00ed lo establecen muchos documentos de esta instituci\u00f3n, por lo cu\u00e1l miles de personas se dejan llevar durante el camino de Santiago hacia un camino m\u00e1s espiritual.<\/p>\n\n\n\n<p>M\u00e1s all\u00e1 de nuestras pertenencias en este plano terrenal, el significado del Camino de Santiago habla de crecer como personas y de sacrificar muchas de las comodidades que tenemos por lograr una vida m\u00e1s tranquila, sana, desde una perspectiva m\u00e1s amplia, luego de esto se har\u00e1 una gran diferencia en tu rutina. Tambi\u00e9n hay que conocer un poco m\u00e1s de su historia para saber su importancia a nivel cultural, porque la \u00e9poca en que se realiza esta peregrinaci\u00f3n es sagrada para todos los espa\u00f1oles y para la ciudad de Santiago de Compostela, que es el punto de llegada despu\u00e9s de semanas caminando.<\/p>\n\n\n\n<h2 class=\"wp-block-heading\">\u00bfQu\u00e9 es el Camino de Santiago?<\/h2>\n\n\n\n<p>En principio, hay que establecer que es una gran cantidad de rutas dise\u00f1adas por la Iglesia Cat\u00f3lica para llegar desde ciudades de Espa\u00f1a y Francia hacia Santiago de Compostela, donde reposan los restos del Ap\u00f3stol Santiago y se considera una de las peregrinaciones religiosas m\u00e1s importantes de toda Europa. Suele tener una duraci\u00f3n de aproximadamente 4 o 5 semanas, entendiendo que al ir caminando todo debe ser con calma y se necesita una buena hidrataci\u00f3n por el sol inclemente durante el mediod\u00eda, hay muchas precauciones que tomar en estas diversas \u00e9pocas.<\/p>\n\n\n\n<figure class=\"wp-block-image size-full\"><img loading=\"lazy\" decoding=\"async\" width=\"653\" height=\"368\" src=\"https:\/\/marlycamino.com\/wp-content\/uploads\/2021\/12\/reyes-2-1.jpg\" alt=\"\" class=\"wp-image-15688\" srcset=\"https:\/\/marlycamino.com\/wp-content\/uploads\/2021\/12\/reyes-2-1.jpg 653w, https:\/\/marlycamino.com\/wp-content\/uploads\/2021\/12\/reyes-2-1-300x169.jpg 300w, https:\/\/marlycamino.com\/wp-content\/uploads\/2021\/12\/reyes-2-1-500x282.jpg 500w, https:\/\/marlycamino.com\/wp-content\/uploads\/2021\/12\/reyes-2-1-100x56.jpg 100w\" sizes=\"auto, (max-width: 653px) 100vw, 653px\" \/><\/figure>\n\n\n\n<p>Se requiere un entrenamiento por meses para lograr completar este objetivo as\u00ed como el conocimiento de todos los espacios por los cuales vas a estar para hacer reservaciones de hostales o restaurantes para al menos tener ciertas condiciones b\u00e1sicas. El Camino de Santiago es parte importante de la cultura y la religi\u00f3n, as\u00ed como un motor en la econom\u00eda de esas peque\u00f1as ciudades, as\u00ed que si necesitas reafirmar tu fe, esta es la mejor posibilidad para tu reencuentro con Dios, para entender desde otra perspectiva lo importante que es tener alguien en quien creer sin dudar y a su vez alabar.<\/p>\n\n\n\n<h2 class=\"wp-block-heading\">\u00bfC\u00f3mo nace el camino de Santiago?<\/h2>\n\n\n\n<p>Se ha documentado desde el siglo IX como se trasladaron los restos de Santiago, el Ap\u00f3stol, desde Tierra Santa hacia este peque\u00f1o pueblo, donde primero se le rend\u00eda culto en una peque\u00f1a iglesia, pero este fen\u00f3meno se expandi\u00f3 hacia todo el continente. Esta incidencia de personas que ven\u00edan de todos lados fue lo que hizo que se creara un peque\u00f1o pueblo alrededor de la iglesia, llegando hasta lo que es actualmente, pr\u00e1cticamente una ciudad a la cual llegan unos 200.000 peregrinos al a\u00f1o y generan grandes ingresos al mismo tiempo para sus habitantes.<\/p>\n\n\n\n<figure class=\"wp-block-image size-full\"><img loading=\"lazy\" decoding=\"async\" width=\"960\" height=\"540\" src=\"https:\/\/marlycamino.com\/wp-content\/uploads\/2021\/12\/reyes-3-1.jpg\" alt=\"\" class=\"wp-image-15690\" srcset=\"https:\/\/marlycamino.com\/wp-content\/uploads\/2021\/12\/reyes-3-1.jpg 960w, https:\/\/marlycamino.com\/wp-content\/uploads\/2021\/12\/reyes-3-1-300x169.jpg 300w, https:\/\/marlycamino.com\/wp-content\/uploads\/2021\/12\/reyes-3-1-768x432.jpg 768w, https:\/\/marlycamino.com\/wp-content\/uploads\/2021\/12\/reyes-3-1-500x281.jpg 500w, https:\/\/marlycamino.com\/wp-content\/uploads\/2021\/12\/reyes-3-1-100x56.jpg 100w, https:\/\/marlycamino.com\/wp-content\/uploads\/2021\/12\/reyes-3-1-846x476.jpg 846w\" sizes=\"auto, (max-width: 960px) 100vw, 960px\" \/><\/figure>\n\n\n\n<p>Es importante acotar que los sacerdotes de aquella \u00e9poca se encargaron de hacer la bas\u00edlica que hoy conocemos, tambi\u00e9n convirtiendo a este Ap\u00f3stol en el patr\u00f3n del pueblo, es decir, casi todo en la localidad ronda alrededor de esta muestra de fe, incluso en materia econ\u00f3mica, as\u00ed que muchos a\u00f1os de esfuerzos han ido brindando resultados positivos. El fervor religioso tiene mucho que ver con lo que percibimos cuando vemos peregrinaciones incluso ante algunas v\u00edrgenes en otros pa\u00edses, son muestras de que es bueno desconectarse de la tecnolog\u00eda y las obligaciones diarias, as\u00ed como tambi\u00e9n ayuda a ver quienes somos realmente.<\/p>\n\n\n\n<h2 class=\"wp-block-heading\">Importancia de los Reyes en la difusi\u00f3n del Camino de Santiago<\/h2>\n\n\n\n<p>Hay que entender que la historia ha demostrado lo masiva que es la religi\u00f3n cat\u00f3lica, que sin importar fronteras hay personas dispuestas a invertir su tiempo en las grandes peregrinaciones, as\u00ed que es importante conocer porqu\u00e9 esta es sumamente especial. Hay que establecer que este fen\u00f3meno empieza con la Iglesia local, pero posteriormente los diversos Reyes se involucraron en todo el proceso, al ver la importancia que ten\u00eda, sobre todo en los Reyes cristianos, que trataban de consolidar todo lo que hac\u00edan en la pen\u00ednsula espa\u00f1ola de aquella \u00e9poca.<\/p>\n\n\n\n<figure class=\"wp-block-image size-full\"><img loading=\"lazy\" decoding=\"async\" width=\"653\" height=\"368\" src=\"https:\/\/marlycamino.com\/wp-content\/uploads\/2021\/12\/reyes-4-1.jpg\" alt=\"\" class=\"wp-image-15692\" srcset=\"https:\/\/marlycamino.com\/wp-content\/uploads\/2021\/12\/reyes-4-1.jpg 653w, https:\/\/marlycamino.com\/wp-content\/uploads\/2021\/12\/reyes-4-1-300x169.jpg 300w, https:\/\/marlycamino.com\/wp-content\/uploads\/2021\/12\/reyes-4-1-500x282.jpg 500w, https:\/\/marlycamino.com\/wp-content\/uploads\/2021\/12\/reyes-4-1-100x56.jpg 100w\" sizes=\"auto, (max-width: 653px) 100vw, 653px\" \/><\/figure>\n\n\n\n<p>Siguiendo la idea de los Reyes y la fe, los mismos se tomaron el tiempo de promover desde todos sus medios este recorrido de semanas hacia el pueblo de Santiago de Compostela, principalmente porque sus rutas tambi\u00e9n funcionaban como m\u00e9todo de movilizaci\u00f3n de mercanc\u00eda, comida, siembras, armamento, todo lo que se necesitaba en ciudades que atravesaban los caminos. Para ellos tambi\u00e9n ten\u00eda mucho que ver el crecimiento demogr\u00e1fico que se lograba con los peregrinos, que se enamoraban de estos pueblos y se quedaban all\u00ed a vivir, expandiendo el movimiento econ\u00f3mico de todos los espacios, pasaron a vivir del turismo.<\/p>\n\n\n\n<p>Una de las motivaciones para este viaje es que con todos los sacrificios que hac\u00edan los viajeros, todos sus pecados deb\u00edan ser perdonados, es decir, tendr\u00edan una indulgencia y por ello no dudan en acudir. Aunque actualmente esto ya no es un pilar sobre el cual viajar, es mas una aventura de turismo, conocer espacios sin ning\u00fan tipo de lujo, caminar, hacer ejercicios y conocer un lugar hist\u00f3rico para los espa\u00f1oles, hay muchos factores que est\u00e1n relacionados en este tema desde hace cientos de a\u00f1os, que pod\u00edan fomentar y crear un mayor impacto con lo que es la religi\u00f3n.<\/p>\n\n\n\n<figure class=\"wp-block-image size-full\"><img loading=\"lazy\" decoding=\"async\" width=\"807\" height=\"454\" src=\"https:\/\/marlycamino.com\/wp-content\/uploads\/2021\/12\/reyes-5-1.jpg\" alt=\"\" class=\"wp-image-15694\" srcset=\"https:\/\/marlycamino.com\/wp-content\/uploads\/2021\/12\/reyes-5-1.jpg 807w, https:\/\/marlycamino.com\/wp-content\/uploads\/2021\/12\/reyes-5-1-300x169.jpg 300w, https:\/\/marlycamino.com\/wp-content\/uploads\/2021\/12\/reyes-5-1-768x432.jpg 768w, https:\/\/marlycamino.com\/wp-content\/uploads\/2021\/12\/reyes-5-1-500x281.jpg 500w, https:\/\/marlycamino.com\/wp-content\/uploads\/2021\/12\/reyes-5-1-100x56.jpg 100w\" sizes=\"auto, (max-width: 807px) 100vw, 807px\" \/><\/figure>\n\n\n\n<p>En fin, retomando la idea de los Reyes cristianos, para toda esta era, el Camino de Santiago funcion\u00f3 como una alternativa para el crecimiento de todos los lugares y a su vez ellos confirmaban su popularidad ante la gente, ambos elementos de la ecuaci\u00f3n se vieron beneficiados del fen\u00f3meno causado. Los art\u00edfices de esto fueron en gran medida los sacerdotes de la \u00e9poca, que trabajaban de la mano con los mandatarios y esto se lograba un buen trabajo en favor del crecimiento de toda Espa\u00f1a, de cada vez atraer m\u00e1s fervientes creyentes del catolicismo, que hasta la era actual es una de las religiones mas importantes del mundo.<\/p>\n","protected":false},"excerpt":{"rendered":"<p>Cada persona tiene el derecho de tener sus creencias como algo personal, es algo que se aprende e internaliza con la edad y por ello se necesita paciencia, para soportar los muchos retos que se presentan en nuestras vidas. En el caso de la religi\u00f3n cat\u00f3lica, casi siempre se deben hacer ciertos sacrificios con el cuerpo f\u00edsico para purificar el &#8230; <a href=\"https:\/\/marlycamino.com\/es\/por-que-los-reyes-cristianos-fomentaron-la-peregrinacion-a-santiago-de-compostela\/\" class=\"more-link\">Read More<\/a><\/p>\n","protected":false},"author":2,"featured_media":15682,"comment_status":"open","ping_status":"open","sticky":false,"template":"","format":"standard","meta":{"_acf_changed":false,"footnotes":""},"categories":[170],"tags":[],"class_list":["post-15687","post","type-post","status-publish","format-standard","has-post-thumbnail","hentry","category-inspiracion"],"acf":[],"yoast_head":"<!-- This site is optimized with the Yoast SEO plugin v26.3 - https:\/\/yoast.com\/wordpress\/plugins\/seo\/ -->\n<title>\u00bfPor qu\u00e9 los Reyes cristianos fomentaron la peregrinaci\u00f3n a Santiago de Compostela?<\/title>\n<meta name=\"description\" content=\"Cada persona tiene el derecho de tener sus creencias como algo personal, es algo que se aprende e internaliza con la edad y por ello se necesita\" \/>\n<meta name=\"robots\" content=\"index, follow, max-snippet:-1, max-image-preview:large, max-video-preview:-1\" \/>\n<link rel=\"canonical\" href=\"https:\/\/marlycamino.com\/es\/por-que-los-reyes-cristianos-fomentaron-la-peregrinacion-a-santiago-de-compostela\/\" \/>\n<meta property=\"og:locale\" content=\"es_ES\" \/>\n<meta property=\"og:type\" content=\"article\" \/>\n<meta property=\"og:title\" content=\"\u00bfPor qu\u00e9 los Reyes cristianos fomentaron la peregrinaci\u00f3n a Santiago de Compostela?\" \/>\n<meta property=\"og:description\" content=\"Cada persona tiene el derecho de tener sus creencias como algo personal, es algo que se aprende e internaliza con la edad y por ello se necesita\" \/>\n<meta property=\"og:url\" content=\"https:\/\/marlycamino.com\/es\/por-que-los-reyes-cristianos-fomentaron-la-peregrinacion-a-santiago-de-compostela\/\" \/>\n<meta property=\"article:publisher\" content=\"https:\/\/www.facebook.com\/MarlyCamino\/\" \/>\n<meta property=\"article:published_time\" content=\"2022-01-06T21:41:00+00:00\" \/>\n<meta property=\"og:image\" content=\"https:\/\/marlycamino.com\/wp-content\/uploads\/2021\/12\/reyes-1.jpg\" \/>\n\t<meta property=\"og:image:width\" content=\"816\" \/>\n\t<meta property=\"og:image:height\" content=\"459\" \/>\n\t<meta property=\"og:image:type\" content=\"image\/jpeg\" \/>\n<meta name=\"author\" content=\"sami\" \/>\n<meta name=\"twitter:label1\" content=\"Escrito por\" \/>\n\t<meta name=\"twitter:data1\" content=\"sami\" \/>\n\t<meta name=\"twitter:label2\" content=\"Tiempo de lectura\" \/>\n\t<meta name=\"twitter:data2\" content=\"6 minutos\" \/>\n<script type=\"application\/ld+json\" class=\"yoast-schema-graph\">{\"@context\":\"https:\/\/schema.org\",\"@graph\":[{\"@type\":\"WebPage\",\"@id\":\"https:\/\/marlycamino.com\/es\/por-que-los-reyes-cristianos-fomentaron-la-peregrinacion-a-santiago-de-compostela\/\",\"url\":\"https:\/\/marlycamino.com\/es\/por-que-los-reyes-cristianos-fomentaron-la-peregrinacion-a-santiago-de-compostela\/\",\"name\":\"\u00bfPor qu\u00e9 los Reyes cristianos fomentaron la peregrinaci\u00f3n a Santiago de Compostela?\",\"isPartOf\":{\"@id\":\"https:\/\/marlycamino.com\/#website\"},\"primaryImageOfPage\":{\"@id\":\"https:\/\/marlycamino.com\/es\/por-que-los-reyes-cristianos-fomentaron-la-peregrinacion-a-santiago-de-compostela\/#primaryimage\"},\"image\":{\"@id\":\"https:\/\/marlycamino.com\/es\/por-que-los-reyes-cristianos-fomentaron-la-peregrinacion-a-santiago-de-compostela\/#primaryimage\"},\"thumbnailUrl\":\"https:\/\/marlycamino.com\/wp-content\/uploads\/2021\/12\/reyes-1.jpg\",\"datePublished\":\"2022-01-06T21:41:00+00:00\",\"author\":{\"@id\":\"https:\/\/marlycamino.com\/#\/schema\/person\/c21b1940e6660c69ee384a1fc71244af\"},\"description\":\"Cada persona tiene el derecho de tener sus creencias como algo personal, es algo que se aprende e internaliza con la edad y por ello se necesita\",\"breadcrumb\":{\"@id\":\"https:\/\/marlycamino.com\/es\/por-que-los-reyes-cristianos-fomentaron-la-peregrinacion-a-santiago-de-compostela\/#breadcrumb\"},\"inLanguage\":\"es\",\"potentialAction\":[{\"@type\":\"ReadAction\",\"target\":[\"https:\/\/marlycamino.com\/es\/por-que-los-reyes-cristianos-fomentaron-la-peregrinacion-a-santiago-de-compostela\/\"]}]},{\"@type\":\"ImageObject\",\"inLanguage\":\"es\",\"@id\":\"https:\/\/marlycamino.com\/es\/por-que-los-reyes-cristianos-fomentaron-la-peregrinacion-a-santiago-de-compostela\/#primaryimage\",\"url\":\"https:\/\/marlycamino.com\/wp-content\/uploads\/2021\/12\/reyes-1.jpg\",\"contentUrl\":\"https:\/\/marlycamino.com\/wp-content\/uploads\/2021\/12\/reyes-1.jpg\",\"width\":816,\"height\":459},{\"@type\":\"BreadcrumbList\",\"@id\":\"https:\/\/marlycamino.com\/es\/por-que-los-reyes-cristianos-fomentaron-la-peregrinacion-a-santiago-de-compostela\/#breadcrumb\",\"itemListElement\":[{\"@type\":\"ListItem\",\"position\":1,\"name\":\"Home\",\"item\":\"https:\/\/marlycamino.com\/es\/\"},{\"@type\":\"ListItem\",\"position\":2,\"name\":\"\u00bfPor qu\u00e9 los Reyes cristianos fomentaron la peregrinaci\u00f3n a Santiago de Compostela?\"}]},{\"@type\":\"WebSite\",\"@id\":\"https:\/\/marlycamino.com\/#website\",\"url\":\"https:\/\/marlycamino.com\/\",\"name\":\"\",\"description\":\"\",\"potentialAction\":[{\"@type\":\"SearchAction\",\"target\":{\"@type\":\"EntryPoint\",\"urlTemplate\":\"https:\/\/marlycamino.com\/?s={search_term_string}\"},\"query-input\":{\"@type\":\"PropertyValueSpecification\",\"valueRequired\":true,\"valueName\":\"search_term_string\"}}],\"inLanguage\":\"es\"},{\"@type\":\"Person\",\"@id\":\"https:\/\/marlycamino.com\/#\/schema\/person\/c21b1940e6660c69ee384a1fc71244af\",\"name\":\"sami\",\"image\":{\"@type\":\"ImageObject\",\"inLanguage\":\"es\",\"@id\":\"https:\/\/marlycamino.com\/#\/schema\/person\/image\/\",\"url\":\"https:\/\/secure.gravatar.com\/avatar\/54c017fb9d93b5e026ebfbf62ab9609ea7920887a584421c3a9b95f34682d2aa?s=96&d=mm&r=g\",\"contentUrl\":\"https:\/\/secure.gravatar.com\/avatar\/54c017fb9d93b5e026ebfbf62ab9609ea7920887a584421c3a9b95f34682d2aa?s=96&d=mm&r=g\",\"caption\":\"sami\"}}]}<\/script>\n<!-- \/ Yoast SEO plugin. -->","yoast_head_json":{"title":"\u00bfPor qu\u00e9 los Reyes cristianos fomentaron la peregrinaci\u00f3n a Santiago de Compostela?","description":"Cada persona tiene el derecho de tener sus creencias como algo personal, es algo que se aprende e internaliza con la edad y por ello se necesita","robots":{"index":"index","follow":"follow","max-snippet":"max-snippet:-1","max-image-preview":"max-image-preview:large","max-video-preview":"max-video-preview:-1"},"canonical":"https:\/\/marlycamino.com\/es\/por-que-los-reyes-cristianos-fomentaron-la-peregrinacion-a-santiago-de-compostela\/","og_locale":"es_ES","og_type":"article","og_title":"\u00bfPor qu\u00e9 los Reyes cristianos fomentaron la peregrinaci\u00f3n a Santiago de Compostela?","og_description":"Cada persona tiene el derecho de tener sus creencias como algo personal, es algo que se aprende e internaliza con la edad y por ello se necesita","og_url":"https:\/\/marlycamino.com\/es\/por-que-los-reyes-cristianos-fomentaron-la-peregrinacion-a-santiago-de-compostela\/","article_publisher":"https:\/\/www.facebook.com\/MarlyCamino\/","article_published_time":"2022-01-06T21:41:00+00:00","og_image":[{"width":816,"height":459,"url":"https:\/\/marlycamino.com\/wp-content\/uploads\/2021\/12\/reyes-1.jpg","type":"image\/jpeg"}],"author":"sami","twitter_misc":{"Escrito por":"sami","Tiempo de lectura":"6 minutos"},"schema":{"@context":"https:\/\/schema.org","@graph":[{"@type":"WebPage","@id":"https:\/\/marlycamino.com\/es\/por-que-los-reyes-cristianos-fomentaron-la-peregrinacion-a-santiago-de-compostela\/","url":"https:\/\/marlycamino.com\/es\/por-que-los-reyes-cristianos-fomentaron-la-peregrinacion-a-santiago-de-compostela\/","name":"\u00bfPor qu\u00e9 los Reyes cristianos fomentaron la peregrinaci\u00f3n a Santiago de Compostela?","isPartOf":{"@id":"https:\/\/marlycamino.com\/#website"},"primaryImageOfPage":{"@id":"https:\/\/marlycamino.com\/es\/por-que-los-reyes-cristianos-fomentaron-la-peregrinacion-a-santiago-de-compostela\/#primaryimage"},"image":{"@id":"https:\/\/marlycamino.com\/es\/por-que-los-reyes-cristianos-fomentaron-la-peregrinacion-a-santiago-de-compostela\/#primaryimage"},"thumbnailUrl":"https:\/\/marlycamino.com\/wp-content\/uploads\/2021\/12\/reyes-1.jpg","datePublished":"2022-01-06T21:41:00+00:00","author":{"@id":"https:\/\/marlycamino.com\/#\/schema\/person\/c21b1940e6660c69ee384a1fc71244af"},"description":"Cada persona tiene el derecho de tener sus creencias como algo personal, es algo que se aprende e internaliza con la edad y por ello se necesita","breadcrumb":{"@id":"https:\/\/marlycamino.com\/es\/por-que-los-reyes-cristianos-fomentaron-la-peregrinacion-a-santiago-de-compostela\/#breadcrumb"},"inLanguage":"es","potentialAction":[{"@type":"ReadAction","target":["https:\/\/marlycamino.com\/es\/por-que-los-reyes-cristianos-fomentaron-la-peregrinacion-a-santiago-de-compostela\/"]}]},{"@type":"ImageObject","inLanguage":"es","@id":"https:\/\/marlycamino.com\/es\/por-que-los-reyes-cristianos-fomentaron-la-peregrinacion-a-santiago-de-compostela\/#primaryimage","url":"https:\/\/marlycamino.com\/wp-content\/uploads\/2021\/12\/reyes-1.jpg","contentUrl":"https:\/\/marlycamino.com\/wp-content\/uploads\/2021\/12\/reyes-1.jpg","width":816,"height":459},{"@type":"BreadcrumbList","@id":"https:\/\/marlycamino.com\/es\/por-que-los-reyes-cristianos-fomentaron-la-peregrinacion-a-santiago-de-compostela\/#breadcrumb","itemListElement":[{"@type":"ListItem","position":1,"name":"Home","item":"https:\/\/marlycamino.com\/es\/"},{"@type":"ListItem","position":2,"name":"\u00bfPor qu\u00e9 los Reyes cristianos fomentaron la peregrinaci\u00f3n a Santiago de Compostela?"}]},{"@type":"WebSite","@id":"https:\/\/marlycamino.com\/#website","url":"https:\/\/marlycamino.com\/","name":"","description":"","potentialAction":[{"@type":"SearchAction","target":{"@type":"EntryPoint","urlTemplate":"https:\/\/marlycamino.com\/?s={search_term_string}"},"query-input":{"@type":"PropertyValueSpecification","valueRequired":true,"valueName":"search_term_string"}}],"inLanguage":"es"},{"@type":"Person","@id":"https:\/\/marlycamino.com\/#\/schema\/person\/c21b1940e6660c69ee384a1fc71244af","name":"sami","image":{"@type":"ImageObject","inLanguage":"es","@id":"https:\/\/marlycamino.com\/#\/schema\/person\/image\/","url":"https:\/\/secure.gravatar.com\/avatar\/54c017fb9d93b5e026ebfbf62ab9609ea7920887a584421c3a9b95f34682d2aa?s=96&d=mm&r=g","contentUrl":"https:\/\/secure.gravatar.com\/avatar\/54c017fb9d93b5e026ebfbf62ab9609ea7920887a584421c3a9b95f34682d2aa?s=96&d=mm&r=g","caption":"sami"}}]}},"_links":{"self":[{"href":"https:\/\/marlycamino.com\/es\/wp-json\/wp\/v2\/posts\/15687","targetHints":{"allow":["GET"]}}],"collection":[{"href":"https:\/\/marlycamino.com\/es\/wp-json\/wp\/v2\/posts"}],"about":[{"href":"https:\/\/marlycamino.com\/es\/wp-json\/wp\/v2\/types\/post"}],"author":[{"embeddable":true,"href":"https:\/\/marlycamino.com\/es\/wp-json\/wp\/v2\/users\/2"}],"replies":[{"embeddable":true,"href":"https:\/\/marlycamino.com\/es\/wp-json\/wp\/v2\/comments?post=15687"}],"version-history":[{"count":0,"href":"https:\/\/marlycamino.com\/es\/wp-json\/wp\/v2\/posts\/15687\/revisions"}],"wp:featuredmedia":[{"embeddable":true,"href":"https:\/\/marlycamino.com\/es\/wp-json\/wp\/v2\/media\/15682"}],"wp:attachment":[{"href":"https:\/\/marlycamino.com\/es\/wp-json\/wp\/v2\/media?parent=15687"}],"wp:term":[{"taxonomy":"category","embeddable":true,"href":"https:\/\/marlycamino.com\/es\/wp-json\/wp\/v2\/categories?post=15687"},{"taxonomy":"post_tag","embeddable":true,"href":"https:\/\/marlycamino.com\/es\/wp-json\/wp\/v2\/tags?post=15687"}],"curies":[{"name":"wp","href":"https:\/\/api.w.org\/{rel}","templated":true}]}}