{"id":2594,"date":"2013-11-07T12:11:49","date_gmt":"2013-11-07T12:11:49","guid":{"rendered":"http:\/\/marlycamino.com\/?p=2594"},"modified":"2017-09-26T10:10:08","modified_gmt":"2017-09-26T10:10:08","slug":"cumpleanos-en-camino-de-santiago","status":"publish","type":"post","link":"https:\/\/marlycamino.com\/es\/cumpleanos-en-camino-de-santiago\/","title":{"rendered":"\u00bfC\u00f3mo celebrar un cumplea\u00f1os en el Camino De Santiago?"},"content":{"rendered":"<p style=\"text-align: justify;\">\u00abEl 4 de Noviembre cumpl\u00ed mis 50 a\u00f1os, celebr\u00e9 mi cumplea\u00f1os en el Camino de Santiago con mi familia: mi pap\u00e1, todos mis hermanos y mis cu\u00f1ados. He crecido en una numerosa y hermosa familia compuesta por 8 hermanos conmigo, 6 hombres y 2 mujeres. No encuentro las palabras para decirles lo espectacular que fue nuestro Camino. Ten\u00eda mucha ilusi\u00f3n de hacer el Camino con mi familia sobre todo este a\u00f1o de la Fe, ya que todos tenemos un motivo com\u00fan y muy especial que era rezar y pedir por la salud de nuestro sobrino.<\/p>\n<p style=\"text-align: justify;\">Realizamos el <a href=\"http:\/\/marlycamino.com\/es\/camino\/buen-camino-lite\/\">Camino De Santiago c\u00f3modo<\/a> al ser este un Camino m\u00e1s f\u00e1cil para la gente mayor. Fueron much\u00edsimas \u00a0las emociones que sentimos y compartimos en nuestro Camino, para mi pap\u00e1 fue el mejor regalo que le hemos dado en su vida. El levantarse todos los d\u00edas a desayunar y pasar todo el d\u00eda con todos sus hijos definitivamente no tiene precio. \u00a1Ha sido\u00a0una gran bendici\u00f3n!<\/p>\n<h3><img loading=\"lazy\" decoding=\"async\" class=\"alignleft wp-image-10600 size-medium\" src=\"https:\/\/marlycamino.com\/wp-content\/uploads\/2012\/11\/samantha-300x188.jpg\" alt=\"cumpleanos en el Camino De Santiago\" width=\"300\" height=\"188\" srcset=\"https:\/\/marlycamino.com\/wp-content\/uploads\/2012\/11\/samantha-300x188.jpg 300w, https:\/\/marlycamino.com\/wp-content\/uploads\/2012\/11\/samantha-100x63.jpg 100w, https:\/\/marlycamino.com\/wp-content\/uploads\/2012\/11\/samantha.jpg 400w\" sizes=\"auto, (max-width: 300px) 100vw, 300px\" \/><\/h3>\n<h3 style=\"text-align: justify;\">Todos hicimos una gran esfuerzo por terminar el Camino<\/h3>\n<p style=\"text-align: justify;\">A unos les cost\u00f3 m\u00e1s que otros, pero lo m\u00e1s bonito de todo es que ten\u00edamos una fuerza interior. El mismo motor que nos ayudaba a continuar \u00a0en los momentos que pens\u00e1bamos que no pod\u00edamos caminar m\u00e1s. Hasta mi pap\u00e1 con casi 80 a\u00f1os hizo su gran cuota de sacrificio y peregrinaci\u00f3n, solidario con todos sus hijos. \u00a0Definitivamente el Camino es m\u00e1gico, y yo quer\u00eda aprovechar esa magia para\u00a0fortalecer \u00a0a\u00fan m\u00e1s nuestra UNION, \u00a0mucho m\u00e1s importante en mi cumplea\u00f1os en el Camino, una union cada vez m\u00e1s solida, m\u00e1s fuerte, m\u00e1s grande, m\u00e1s real y que la magia del Camino nos diera la sabidur\u00eda de translimitarla a \u00a0nuestros hijos y nietos.<\/p>\n<p style=\"text-align: justify;\">Mi abuelo antes de morir les dejo a sus hijos una carta muy bella que yo siempre conservo y hay una p\u00e1rrafo que me gusta mucho que dice: \u00a0\u00abUNION, UNION, UNION. Todo tiene arreglo en la vida cuando prevalece el esp\u00edritu de la uni\u00f3n, el cual creo que todos ustedes lo tienen. Hay veces que tendr\u00e1n que sacrificar algo en favor de la Uni\u00f3n y espero que cada uno de ustedes trate de ser el primero en ofrecerse y les aseguro que todo sacrificio en favor de la uni\u00f3n, por muy grande que les parezca, es poco\u201d. Tambi\u00e9n hay una frase de que nos dijo mi mam\u00e1 antes de morir a todos sus hijos y que tambi\u00e9n la tengo muy presente siempre y es: \u00abEl que menos tenga, debe ser el que tenga m\u00e1s\u00bb<\/p>\n<h3 style=\"text-align: justify;\"><strong>Mi cumplea\u00f1os en el Camino<\/strong><\/h3>\n<p style=\"text-align: justify;\">Quer\u00eda compartirlo con ustedes para invitarlos a unirse m\u00e1s \u00a0con \u00a0sus familias y seres queridos porque es el tesoro m\u00e1s grande que tenemos. El re\u00edr, rezar, comer, llorar, quejarnos, charlar, discutir, tomar, cantar y peregrinar con mi familia junta es el regalo m\u00e1s bello que papa Dios me ha dado. En este post puedes mirar las <a href=\"https:\/\/marlycamino.com\/es\/ensenanzas-del-camino\/\">ense\u00f1anzas del Camino De Santiago<\/a>.<\/p>\n<p style=\"text-align: justify;\">Me despido compartiendo con ustedes\u00a0un regalo que les hice con much\u00edsimo amor a ellos con esta canci\u00f3n muy conocida como el poema de Machado el cual edite con este mensaje: \u00a0<b>Hermanos si Hay Camino, se hace Camino al Amar, Hermano si hay Camino y experiencias que contar \u00a1\u00a1\u00a1\u00a1Paso a paso, Siempre Juntos!!!!\u00bb<\/b><\/p>\n<p><iframe loading=\"lazy\" src=\"\/\/www.youtube.com\/embed\/lN7cFxPtWYI\" width=\"640\" height=\"480\" frameborder=\"0\" allowfullscreen=\"allowfullscreen\"><\/iframe><\/p>\n","protected":false},"excerpt":{"rendered":"<p>\u00abEl 4 de Noviembre cumpl\u00ed mis 50 a\u00f1os, celebr\u00e9 mi cumplea\u00f1os en el Camino de Santiago con mi familia: mi pap\u00e1, todos mis hermanos y mis cu\u00f1ados. He crecido en una numerosa y hermosa familia compuesta por 8 hermanos conmigo, 6 hombres y 2 mujeres. No encuentro las palabras para decirles lo espectacular que fue nuestro Camino. Ten\u00eda mucha ilusi\u00f3n &#8230; <a href=\"https:\/\/marlycamino.com\/es\/cumpleanos-en-camino-de-santiago\/\" class=\"more-link\">Read More<\/a><\/p>\n","protected":false},"author":2,"featured_media":0,"comment_status":"closed","ping_status":"open","sticky":false,"template":"","format":"standard","meta":{"_acf_changed":false,"footnotes":""},"categories":[168],"tags":[],"class_list":["post-2594","post","type-post","status-publish","format-standard","hentry","category-consejos-de-viaje","no-post-thumbnail"],"acf":[],"yoast_head":"<!-- This site is optimized with the Yoast SEO plugin v26.3 - https:\/\/yoast.com\/wordpress\/plugins\/seo\/ -->\n<title>\u00bfC\u00f3mo celebrar un cumplea\u00f1os en el Camino De Santiago?<\/title>\n<meta name=\"description\" content=\"Fueron muchas las emociones que compartimos en nuestra experiencia de cumplea\u00f1os en el Camino. Una historia verdadera de cari\u00f1o familiar.\" \/>\n<meta name=\"robots\" content=\"index, follow, max-snippet:-1, max-image-preview:large, max-video-preview:-1\" \/>\n<link rel=\"canonical\" href=\"https:\/\/marlycamino.com\/es\/cumpleanos-en-camino-de-santiago\/\" \/>\n<meta property=\"og:locale\" content=\"es_ES\" \/>\n<meta property=\"og:type\" content=\"article\" \/>\n<meta property=\"og:title\" content=\"\u00bfC\u00f3mo celebrar un cumplea\u00f1os en el Camino De Santiago?\" \/>\n<meta property=\"og:description\" content=\"Fueron muchas las emociones que compartimos en nuestra experiencia de cumplea\u00f1os en el Camino. Una historia verdadera de cari\u00f1o familiar.\" \/>\n<meta property=\"og:url\" content=\"https:\/\/marlycamino.com\/es\/cumpleanos-en-camino-de-santiago\/\" \/>\n<meta property=\"article:publisher\" content=\"https:\/\/www.facebook.com\/MarlyCamino\/\" \/>\n<meta property=\"article:published_time\" content=\"2013-11-07T12:11:49+00:00\" \/>\n<meta property=\"article:modified_time\" content=\"2017-09-26T10:10:08+00:00\" \/>\n<meta property=\"og:image\" content=\"https:\/\/marlycamino.com\/wp-content\/uploads\/2012\/11\/samantha-300x188.jpg\" \/>\n<meta name=\"author\" content=\"sami\" \/>\n<meta name=\"twitter:label1\" content=\"Escrito por\" \/>\n\t<meta name=\"twitter:data1\" content=\"sami\" \/>\n\t<meta name=\"twitter:label2\" content=\"Tiempo de lectura\" \/>\n\t<meta name=\"twitter:data2\" content=\"3 minutos\" \/>\n<script type=\"application\/ld+json\" class=\"yoast-schema-graph\">{\"@context\":\"https:\/\/schema.org\",\"@graph\":[{\"@type\":\"WebPage\",\"@id\":\"https:\/\/marlycamino.com\/es\/cumpleanos-en-camino-de-santiago\/\",\"url\":\"https:\/\/marlycamino.com\/es\/cumpleanos-en-camino-de-santiago\/\",\"name\":\"\u00bfC\u00f3mo celebrar un cumplea\u00f1os en el Camino De Santiago?\",\"isPartOf\":{\"@id\":\"https:\/\/marlycamino.com\/#website\"},\"primaryImageOfPage\":{\"@id\":\"https:\/\/marlycamino.com\/es\/cumpleanos-en-camino-de-santiago\/#primaryimage\"},\"image\":{\"@id\":\"https:\/\/marlycamino.com\/es\/cumpleanos-en-camino-de-santiago\/#primaryimage\"},\"thumbnailUrl\":\"https:\/\/marlycamino.com\/wp-content\/uploads\/2012\/11\/samantha-300x188.jpg\",\"datePublished\":\"2013-11-07T12:11:49+00:00\",\"dateModified\":\"2017-09-26T10:10:08+00:00\",\"author\":{\"@id\":\"https:\/\/marlycamino.com\/#\/schema\/person\/c21b1940e6660c69ee384a1fc71244af\"},\"description\":\"Fueron muchas las emociones que compartimos en nuestra experiencia de cumplea\u00f1os en el Camino. Una historia verdadera de cari\u00f1o familiar.\",\"breadcrumb\":{\"@id\":\"https:\/\/marlycamino.com\/es\/cumpleanos-en-camino-de-santiago\/#breadcrumb\"},\"inLanguage\":\"es\",\"potentialAction\":[{\"@type\":\"ReadAction\",\"target\":[\"https:\/\/marlycamino.com\/es\/cumpleanos-en-camino-de-santiago\/\"]}]},{\"@type\":\"ImageObject\",\"inLanguage\":\"es\",\"@id\":\"https:\/\/marlycamino.com\/es\/cumpleanos-en-camino-de-santiago\/#primaryimage\",\"url\":\"https:\/\/marlycamino.com\/wp-content\/uploads\/2012\/11\/samantha-300x188.jpg\",\"contentUrl\":\"https:\/\/marlycamino.com\/wp-content\/uploads\/2012\/11\/samantha-300x188.jpg\"},{\"@type\":\"BreadcrumbList\",\"@id\":\"https:\/\/marlycamino.com\/es\/cumpleanos-en-camino-de-santiago\/#breadcrumb\",\"itemListElement\":[{\"@type\":\"ListItem\",\"position\":1,\"name\":\"Home\",\"item\":\"https:\/\/marlycamino.com\/es\/\"},{\"@type\":\"ListItem\",\"position\":2,\"name\":\"\u00bfC\u00f3mo celebrar un cumplea\u00f1os en el Camino De Santiago?\"}]},{\"@type\":\"WebSite\",\"@id\":\"https:\/\/marlycamino.com\/#website\",\"url\":\"https:\/\/marlycamino.com\/\",\"name\":\"\",\"description\":\"\",\"potentialAction\":[{\"@type\":\"SearchAction\",\"target\":{\"@type\":\"EntryPoint\",\"urlTemplate\":\"https:\/\/marlycamino.com\/?s={search_term_string}\"},\"query-input\":{\"@type\":\"PropertyValueSpecification\",\"valueRequired\":true,\"valueName\":\"search_term_string\"}}],\"inLanguage\":\"es\"},{\"@type\":\"Person\",\"@id\":\"https:\/\/marlycamino.com\/#\/schema\/person\/c21b1940e6660c69ee384a1fc71244af\",\"name\":\"sami\",\"image\":{\"@type\":\"ImageObject\",\"inLanguage\":\"es\",\"@id\":\"https:\/\/marlycamino.com\/#\/schema\/person\/image\/\",\"url\":\"https:\/\/secure.gravatar.com\/avatar\/54c017fb9d93b5e026ebfbf62ab9609ea7920887a584421c3a9b95f34682d2aa?s=96&d=mm&r=g\",\"contentUrl\":\"https:\/\/secure.gravatar.com\/avatar\/54c017fb9d93b5e026ebfbf62ab9609ea7920887a584421c3a9b95f34682d2aa?s=96&d=mm&r=g\",\"caption\":\"sami\"}}]}<\/script>\n<!-- \/ Yoast SEO plugin. -->","yoast_head_json":{"title":"\u00bfC\u00f3mo celebrar un cumplea\u00f1os en el Camino De Santiago?","description":"Fueron muchas las emociones que compartimos en nuestra experiencia de cumplea\u00f1os en el Camino. Una historia verdadera de cari\u00f1o familiar.","robots":{"index":"index","follow":"follow","max-snippet":"max-snippet:-1","max-image-preview":"max-image-preview:large","max-video-preview":"max-video-preview:-1"},"canonical":"https:\/\/marlycamino.com\/es\/cumpleanos-en-camino-de-santiago\/","og_locale":"es_ES","og_type":"article","og_title":"\u00bfC\u00f3mo celebrar un cumplea\u00f1os en el Camino De Santiago?","og_description":"Fueron muchas las emociones que compartimos en nuestra experiencia de cumplea\u00f1os en el Camino. Una historia verdadera de cari\u00f1o familiar.","og_url":"https:\/\/marlycamino.com\/es\/cumpleanos-en-camino-de-santiago\/","article_publisher":"https:\/\/www.facebook.com\/MarlyCamino\/","article_published_time":"2013-11-07T12:11:49+00:00","article_modified_time":"2017-09-26T10:10:08+00:00","og_image":[{"url":"https:\/\/marlycamino.com\/wp-content\/uploads\/2012\/11\/samantha-300x188.jpg","type":"","width":"","height":""}],"author":"sami","twitter_misc":{"Escrito por":"sami","Tiempo de lectura":"3 minutos"},"schema":{"@context":"https:\/\/schema.org","@graph":[{"@type":"WebPage","@id":"https:\/\/marlycamino.com\/es\/cumpleanos-en-camino-de-santiago\/","url":"https:\/\/marlycamino.com\/es\/cumpleanos-en-camino-de-santiago\/","name":"\u00bfC\u00f3mo celebrar un cumplea\u00f1os en el Camino De Santiago?","isPartOf":{"@id":"https:\/\/marlycamino.com\/#website"},"primaryImageOfPage":{"@id":"https:\/\/marlycamino.com\/es\/cumpleanos-en-camino-de-santiago\/#primaryimage"},"image":{"@id":"https:\/\/marlycamino.com\/es\/cumpleanos-en-camino-de-santiago\/#primaryimage"},"thumbnailUrl":"https:\/\/marlycamino.com\/wp-content\/uploads\/2012\/11\/samantha-300x188.jpg","datePublished":"2013-11-07T12:11:49+00:00","dateModified":"2017-09-26T10:10:08+00:00","author":{"@id":"https:\/\/marlycamino.com\/#\/schema\/person\/c21b1940e6660c69ee384a1fc71244af"},"description":"Fueron muchas las emociones que compartimos en nuestra experiencia de cumplea\u00f1os en el Camino. Una historia verdadera de cari\u00f1o familiar.","breadcrumb":{"@id":"https:\/\/marlycamino.com\/es\/cumpleanos-en-camino-de-santiago\/#breadcrumb"},"inLanguage":"es","potentialAction":[{"@type":"ReadAction","target":["https:\/\/marlycamino.com\/es\/cumpleanos-en-camino-de-santiago\/"]}]},{"@type":"ImageObject","inLanguage":"es","@id":"https:\/\/marlycamino.com\/es\/cumpleanos-en-camino-de-santiago\/#primaryimage","url":"https:\/\/marlycamino.com\/wp-content\/uploads\/2012\/11\/samantha-300x188.jpg","contentUrl":"https:\/\/marlycamino.com\/wp-content\/uploads\/2012\/11\/samantha-300x188.jpg"},{"@type":"BreadcrumbList","@id":"https:\/\/marlycamino.com\/es\/cumpleanos-en-camino-de-santiago\/#breadcrumb","itemListElement":[{"@type":"ListItem","position":1,"name":"Home","item":"https:\/\/marlycamino.com\/es\/"},{"@type":"ListItem","position":2,"name":"\u00bfC\u00f3mo celebrar un cumplea\u00f1os en el Camino De Santiago?"}]},{"@type":"WebSite","@id":"https:\/\/marlycamino.com\/#website","url":"https:\/\/marlycamino.com\/","name":"","description":"","potentialAction":[{"@type":"SearchAction","target":{"@type":"EntryPoint","urlTemplate":"https:\/\/marlycamino.com\/?s={search_term_string}"},"query-input":{"@type":"PropertyValueSpecification","valueRequired":true,"valueName":"search_term_string"}}],"inLanguage":"es"},{"@type":"Person","@id":"https:\/\/marlycamino.com\/#\/schema\/person\/c21b1940e6660c69ee384a1fc71244af","name":"sami","image":{"@type":"ImageObject","inLanguage":"es","@id":"https:\/\/marlycamino.com\/#\/schema\/person\/image\/","url":"https:\/\/secure.gravatar.com\/avatar\/54c017fb9d93b5e026ebfbf62ab9609ea7920887a584421c3a9b95f34682d2aa?s=96&d=mm&r=g","contentUrl":"https:\/\/secure.gravatar.com\/avatar\/54c017fb9d93b5e026ebfbf62ab9609ea7920887a584421c3a9b95f34682d2aa?s=96&d=mm&r=g","caption":"sami"}}]}},"_links":{"self":[{"href":"https:\/\/marlycamino.com\/es\/wp-json\/wp\/v2\/posts\/2594","targetHints":{"allow":["GET"]}}],"collection":[{"href":"https:\/\/marlycamino.com\/es\/wp-json\/wp\/v2\/posts"}],"about":[{"href":"https:\/\/marlycamino.com\/es\/wp-json\/wp\/v2\/types\/post"}],"author":[{"embeddable":true,"href":"https:\/\/marlycamino.com\/es\/wp-json\/wp\/v2\/users\/2"}],"replies":[{"embeddable":true,"href":"https:\/\/marlycamino.com\/es\/wp-json\/wp\/v2\/comments?post=2594"}],"version-history":[{"count":0,"href":"https:\/\/marlycamino.com\/es\/wp-json\/wp\/v2\/posts\/2594\/revisions"}],"wp:attachment":[{"href":"https:\/\/marlycamino.com\/es\/wp-json\/wp\/v2\/media?parent=2594"}],"wp:term":[{"taxonomy":"category","embeddable":true,"href":"https:\/\/marlycamino.com\/es\/wp-json\/wp\/v2\/categories?post=2594"},{"taxonomy":"post_tag","embeddable":true,"href":"https:\/\/marlycamino.com\/es\/wp-json\/wp\/v2\/tags?post=2594"}],"curies":[{"name":"wp","href":"https:\/\/api.w.org\/{rel}","templated":true}]}}